{"id":11267,"date":"2025-02-26T13:44:22","date_gmt":"2025-02-26T13:44:22","guid":{"rendered":"https:\/\/sociaisaplicadas.ufpr.br\/administracao\/?p=11267"},"modified":"2025-02-26T15:56:40","modified_gmt":"2025-02-26T15:56:40","slug":"edital-para-selecao-de-monitores-saob27","status":"publish","type":"post","link":"https:\/\/sociaisaplicadas.ufpr.br\/administracao\/2025\/02\/26\/edital-para-selecao-de-monitores-saob27\/","title":{"rendered":"EDITAL PARA SELE\u00c7\u00c3O DE MONITORES &#8211; SAOB27"},"content":{"rendered":"\n<p>DISCIPLINA: Produtos e Marcas (SAOB27)<br>PROFESSOR: Denise Maria Woranovicz Carvalho<br>N\u00ba DE VAGAS: 02 (duas) vagas, com 01 (uma) bolsa para cada vaga. ATEN\u00c7\u00c3O: Ler p\u00e1gina 2<br>deste Edital.<br>SEMESTRE: 1\u00ba semestre de 2025<br>FORMA DE EFETIVAR A INSCRI\u00c7\u00c3O: e-mail para profedenise@ufpr.br (ver item 1 deste Edital)<br>DOCUMENTA\u00c7\u00c3O PARA INSCRI\u00c7\u00c3O: Hist\u00f3rico Escolar com IRA<\/p>\n\n\n\n<p>\u00a0<\/p>\n<p><a href=\"https:\/\/sociaisaplicadas.ufpr.br\/administracao\/wp-content\/uploads\/sites\/4\/2025\/02\/SAOB27_Monitoria_Edital_Selecao_2025_assinado.pdf\">Clique Aqui<\/a> para visualizar o Edital de Sele\u00e7\u00e3o<\/p>\n","protected":false},"excerpt":{"rendered":"<p>DISCIPLINA: Produtos e Marcas (SAOB27)PROFESSOR: Denise Maria Woranovicz CarvalhoN\u00ba DE VAGAS: 02 (duas) vagas, com 01 (uma) bolsa para cada vaga. ATEN\u00c7\u00c3O: Ler p\u00e1gina 2deste Edital.SEMESTRE: 1\u00ba semestre de 2025FORMA DE EFETIVAR A INSCRI\u00c7\u00c3O: e-mail para profedenise@ufpr.br (ver item 1 deste Edital)DOCUMENTA\u00c7\u00c3O PARA INSCRI\u00c7\u00c3O: Hist\u00f3rico Escolar com IRA \u00a0 Clique Aqui para visualizar o Edital [&hellip;]<\/p>\n","protected":false},"author":2832,"featured_media":3953,"comment_status":"open","ping_status":"open","sticky":false,"template":"","format":"standard","meta":{"_acf_changed":false,"footnotes":""},"categories":[1],"tags":[],"class_list":["post-11267","post","type-post","status-publish","format-standard","has-post-thumbnail","hentry","category-sem-categoria"],"acf":[],"_links":{"self":[{"href":"https:\/\/sociaisaplicadas.ufpr.br\/administracao\/wp-json\/wp\/v2\/posts\/11267","targetHints":{"allow":["GET"]}}],"collection":[{"href":"https:\/\/sociaisaplicadas.ufpr.br\/administracao\/wp-json\/wp\/v2\/posts"}],"about":[{"href":"https:\/\/sociaisaplicadas.ufpr.br\/administracao\/wp-json\/wp\/v2\/types\/post"}],"author":[{"embeddable":true,"href":"https:\/\/sociaisaplicadas.ufpr.br\/administracao\/wp-json\/wp\/v2\/users\/2832"}],"replies":[{"embeddable":true,"href":"https:\/\/sociaisaplicadas.ufpr.br\/administracao\/wp-json\/wp\/v2\/comments?post=11267"}],"version-history":[{"count":2,"href":"https:\/\/sociaisaplicadas.ufpr.br\/administracao\/wp-json\/wp\/v2\/posts\/11267\/revisions"}],"predecessor-version":[{"id":11281,"href":"https:\/\/sociaisaplicadas.ufpr.br\/administracao\/wp-json\/wp\/v2\/posts\/11267\/revisions\/11281"}],"wp:featuredmedia":[{"embeddable":true,"href":"https:\/\/sociaisaplicadas.ufpr.br\/administracao\/wp-json\/wp\/v2\/media\/3953"}],"wp:attachment":[{"href":"https:\/\/sociaisaplicadas.ufpr.br\/administracao\/wp-json\/wp\/v2\/media?parent=11267"}],"wp:term":[{"taxonomy":"category","embeddable":true,"href":"https:\/\/sociaisaplicadas.ufpr.br\/administracao\/wp-json\/wp\/v2\/categories?post=11267"},{"taxonomy":"post_tag","embeddable":true,"href":"https:\/\/sociaisaplicadas.ufpr.br\/administracao\/wp-json\/wp\/v2\/tags?post=11267"}],"curies":[{"name":"wp","href":"https:\/\/api.w.org\/{rel}","templated":true}]}}