{"id":11316,"date":"2025-02-28T12:20:48","date_gmt":"2025-02-28T12:20:48","guid":{"rendered":"https:\/\/sociaisaplicadas.ufpr.br\/administracao\/?p=11316"},"modified":"2025-04-28T20:28:37","modified_gmt":"2025-04-28T20:28:37","slug":"edital-para-selecao-projeto-de-extensao-liga-data-science","status":"publish","type":"post","link":"https:\/\/sociaisaplicadas.ufpr.br\/administracao\/2025\/02\/28\/edital-para-selecao-projeto-de-extensao-liga-data-science\/","title":{"rendered":"EDITAL PARA SELE\u00c7\u00c3O PROJETO DE EXTENS\u00c3O &#8211; LIGA DATA SCIENCE &#8211; RESULTADO FINAL"},"content":{"rendered":"\n<p>PROJETO: Liga Data Science<br>Modalidade: Volunt\u00e1rio<br>Departamento\/curso de origem: Departamento de Administra\u00e7\u00e3o e Aplicada \/ Curso de Administra\u00e7\u00e3o<br>Coordenador do projeto: Prof. Dr. Jos\u00e9 Eduardo P\u00e9cora Junior<\/p>\n\n\n\n<p><a href=\"https:\/\/sociaisaplicadas.ufpr.br\/administracao\/wp-content\/uploads\/sites\/4\/2025\/02\/2025-edital-final-LIgaDataScience.pdf\" target=\"_blank\" rel=\"noopener\">RESULTADO FINAL<\/a> &#8211; 28\/04\/2025<\/p>\n\n\n\n<p><strong><a href=\"https:\/\/sociaisaplicadas.ufpr.br\/administracao\/wp-content\/uploads\/sites\/4\/2025\/03\/Edital-de-Selecao-Voluntarios-2025-1-1.pdf\">CLIQUE AQUI PARA ACESSAR O EDITAL<\/a> &#8211; EDITADO LINK CORRETO<\/strong><\/p>\n\n\n\n\n\n\n\n\n","protected":false},"excerpt":{"rendered":"<p>PROJETO: Liga Data ScienceModalidade: Volunt\u00e1rioDepartamento\/curso de origem: Departamento de Administra\u00e7\u00e3o e Aplicada \/ Curso de Administra\u00e7\u00e3oCoordenador do projeto: Prof. Dr. Jos\u00e9 Eduardo P\u00e9cora Junior RESULTADO FINAL &#8211; 28\/04\/2025 CLIQUE AQUI PARA ACESSAR O EDITAL &#8211; EDITADO LINK CORRETO<\/p>\n","protected":false},"author":2824,"featured_media":3953,"comment_status":"open","ping_status":"open","sticky":false,"template":"","format":"standard","meta":{"_acf_changed":false,"footnotes":""},"categories":[1],"tags":[],"class_list":["post-11316","post","type-post","status-publish","format-standard","has-post-thumbnail","hentry","category-sem-categoria"],"acf":[],"_links":{"self":[{"href":"https:\/\/sociaisaplicadas.ufpr.br\/administracao\/wp-json\/wp\/v2\/posts\/11316","targetHints":{"allow":["GET"]}}],"collection":[{"href":"https:\/\/sociaisaplicadas.ufpr.br\/administracao\/wp-json\/wp\/v2\/posts"}],"about":[{"href":"https:\/\/sociaisaplicadas.ufpr.br\/administracao\/wp-json\/wp\/v2\/types\/post"}],"author":[{"embeddable":true,"href":"https:\/\/sociaisaplicadas.ufpr.br\/administracao\/wp-json\/wp\/v2\/users\/2824"}],"replies":[{"embeddable":true,"href":"https:\/\/sociaisaplicadas.ufpr.br\/administracao\/wp-json\/wp\/v2\/comments?post=11316"}],"version-history":[{"count":5,"href":"https:\/\/sociaisaplicadas.ufpr.br\/administracao\/wp-json\/wp\/v2\/posts\/11316\/revisions"}],"predecessor-version":[{"id":11563,"href":"https:\/\/sociaisaplicadas.ufpr.br\/administracao\/wp-json\/wp\/v2\/posts\/11316\/revisions\/11563"}],"wp:featuredmedia":[{"embeddable":true,"href":"https:\/\/sociaisaplicadas.ufpr.br\/administracao\/wp-json\/wp\/v2\/media\/3953"}],"wp:attachment":[{"href":"https:\/\/sociaisaplicadas.ufpr.br\/administracao\/wp-json\/wp\/v2\/media?parent=11316"}],"wp:term":[{"taxonomy":"category","embeddable":true,"href":"https:\/\/sociaisaplicadas.ufpr.br\/administracao\/wp-json\/wp\/v2\/categories?post=11316"},{"taxonomy":"post_tag","embeddable":true,"href":"https:\/\/sociaisaplicadas.ufpr.br\/administracao\/wp-json\/wp\/v2\/tags?post=11316"}],"curies":[{"name":"wp","href":"https:\/\/api.w.org\/{rel}","templated":true}]}}