{"id":11374,"date":"2025-03-07T11:49:08","date_gmt":"2025-03-07T11:49:08","guid":{"rendered":"https:\/\/sociaisaplicadas.ufpr.br\/administracao\/?p=11374"},"modified":"2025-03-07T11:49:08","modified_gmt":"2025-03-07T11:49:08","slug":"edital-para-selecao-de-monitores-sa103","status":"publish","type":"post","link":"https:\/\/sociaisaplicadas.ufpr.br\/administracao\/2025\/03\/07\/edital-para-selecao-de-monitores-sa103\/","title":{"rendered":"EDITAL PARA SELE\u00c7\u00c3O DE MONITORES \u2013 SA103"},"content":{"rendered":"\n<p>Encontra-se aberto o processo seletivo para sele\u00e7\u00e3o de um monitor bolsista para a disciplina de Fundamentos da Gest\u00e3o Organizacional do primeiro semestre 2025. O estudante selecionado ir\u00e1 acompanhar o professor da disciplina nas segundas-feiras OU quintas-feiras (o estudante poder\u00e1 optar por um dia) no per\u00edodo da noite (19h as 22h30) de 20\/03\/2025 a 17\/07\/2025.<\/p>\n\n\n\n<p>\u00a0<\/p>\n<p><a href=\"https:\/\/sociaisaplicadas.ufpr.br\/administracao\/wp-content\/uploads\/sites\/4\/2025\/03\/Edital-de-monitoria-SA103.pdf\">Clique aqui<\/a> para acessar o Edital de Sele\u00e7\u00e3o<\/p>\n","protected":false},"excerpt":{"rendered":"<p>Encontra-se aberto o processo seletivo para sele\u00e7\u00e3o de um monitor bolsista para a disciplina de Fundamentos da Gest\u00e3o Organizacional do primeiro semestre 2025. O estudante selecionado ir\u00e1 acompanhar o professor da disciplina nas segundas-feiras OU quintas-feiras (o estudante poder\u00e1 optar por um dia) no per\u00edodo da noite (19h as 22h30) de 20\/03\/2025 a 17\/07\/2025. \u00a0 [&hellip;]<\/p>\n","protected":false},"author":2832,"featured_media":3953,"comment_status":"open","ping_status":"open","sticky":false,"template":"","format":"standard","meta":{"_acf_changed":false,"footnotes":""},"categories":[1],"tags":[],"class_list":["post-11374","post","type-post","status-publish","format-standard","has-post-thumbnail","hentry","category-sem-categoria"],"acf":[],"_links":{"self":[{"href":"https:\/\/sociaisaplicadas.ufpr.br\/administracao\/wp-json\/wp\/v2\/posts\/11374","targetHints":{"allow":["GET"]}}],"collection":[{"href":"https:\/\/sociaisaplicadas.ufpr.br\/administracao\/wp-json\/wp\/v2\/posts"}],"about":[{"href":"https:\/\/sociaisaplicadas.ufpr.br\/administracao\/wp-json\/wp\/v2\/types\/post"}],"author":[{"embeddable":true,"href":"https:\/\/sociaisaplicadas.ufpr.br\/administracao\/wp-json\/wp\/v2\/users\/2832"}],"replies":[{"embeddable":true,"href":"https:\/\/sociaisaplicadas.ufpr.br\/administracao\/wp-json\/wp\/v2\/comments?post=11374"}],"version-history":[{"count":1,"href":"https:\/\/sociaisaplicadas.ufpr.br\/administracao\/wp-json\/wp\/v2\/posts\/11374\/revisions"}],"predecessor-version":[{"id":11375,"href":"https:\/\/sociaisaplicadas.ufpr.br\/administracao\/wp-json\/wp\/v2\/posts\/11374\/revisions\/11375"}],"wp:featuredmedia":[{"embeddable":true,"href":"https:\/\/sociaisaplicadas.ufpr.br\/administracao\/wp-json\/wp\/v2\/media\/3953"}],"wp:attachment":[{"href":"https:\/\/sociaisaplicadas.ufpr.br\/administracao\/wp-json\/wp\/v2\/media?parent=11374"}],"wp:term":[{"taxonomy":"category","embeddable":true,"href":"https:\/\/sociaisaplicadas.ufpr.br\/administracao\/wp-json\/wp\/v2\/categories?post=11374"},{"taxonomy":"post_tag","embeddable":true,"href":"https:\/\/sociaisaplicadas.ufpr.br\/administracao\/wp-json\/wp\/v2\/tags?post=11374"}],"curies":[{"name":"wp","href":"https:\/\/api.w.org\/{rel}","templated":true}]}}