{"id":11436,"date":"2025-03-11T16:28:50","date_gmt":"2025-03-11T16:28:50","guid":{"rendered":"https:\/\/sociaisaplicadas.ufpr.br\/administracao\/?p=11436"},"modified":"2025-03-19T19:30:27","modified_gmt":"2025-03-19T19:30:27","slug":"edital-de-selecao-de-monitores-saob28","status":"publish","type":"post","link":"https:\/\/sociaisaplicadas.ufpr.br\/administracao\/2025\/03\/11\/edital-de-selecao-de-monitores-saob28\/","title":{"rendered":"EDITAL DE SELE\u00c7\u00c3O DE MONITORES &#8211; SAOB28"},"content":{"rendered":"\n<p>DISCIPLINA: Racioc\u00ednio L\u00f3gico e Quantitativo \u2013 SAOB28<br>PROFESSOR: Jos\u00e9 Eduardo P\u00e9cora Jr<br>FORMA DE CONTATO: Plataforma Teams (pecora@ufpr.br)<br>N\u00ba DE VAGAS: 01<br>Requisitos: Ter sido aprovado em uma das disciplinas SAOB28, C\u00e1lculos ou qualquer disciplina<br>equivalente a C\u00e1lculo I com m\u00e9dia acima de 70.<\/p>\n\n\n\n<p><a href=\"https:\/\/sociaisaplicadas.ufpr.br\/administracao\/wp-content\/uploads\/sites\/4\/2025\/03\/SAOB281_monitoria_edital.pdf\">Clique aqui<\/a> para acessar o Edital de Sele\u00e7\u00e3o.<\/p>\n<p><a href=\"https:\/\/sociaisaplicadas.ufpr.br\/administracao\/wp-content\/uploads\/sites\/4\/2025\/03\/SAOB281_monitoria-Resultado-1.pdf\">EDITAL 02<\/a> &#8211; RESULTADO FINAL DO PROCESSO DE SELE\u00c7\u00c3O<\/p>\n\n\n","protected":false},"excerpt":{"rendered":"<p>DISCIPLINA: Racioc\u00ednio L\u00f3gico e Quantitativo \u2013 SAOB28PROFESSOR: Jos\u00e9 Eduardo P\u00e9cora JrFORMA DE CONTATO: Plataforma Teams (pecora@ufpr.br)N\u00ba DE VAGAS: 01Requisitos: Ter sido aprovado em uma das disciplinas SAOB28, C\u00e1lculos ou qualquer disciplinaequivalente a C\u00e1lculo I com m\u00e9dia acima de 70. Clique aqui para acessar o Edital de Sele\u00e7\u00e3o. EDITAL 02 &#8211; RESULTADO FINAL DO PROCESSO DE [&hellip;]<\/p>\n","protected":false},"author":2832,"featured_media":4143,"comment_status":"open","ping_status":"open","sticky":false,"template":"","format":"standard","meta":{"_acf_changed":false,"footnotes":""},"categories":[1],"tags":[],"class_list":["post-11436","post","type-post","status-publish","format-standard","has-post-thumbnail","hentry","category-sem-categoria"],"acf":[],"_links":{"self":[{"href":"https:\/\/sociaisaplicadas.ufpr.br\/administracao\/wp-json\/wp\/v2\/posts\/11436","targetHints":{"allow":["GET"]}}],"collection":[{"href":"https:\/\/sociaisaplicadas.ufpr.br\/administracao\/wp-json\/wp\/v2\/posts"}],"about":[{"href":"https:\/\/sociaisaplicadas.ufpr.br\/administracao\/wp-json\/wp\/v2\/types\/post"}],"author":[{"embeddable":true,"href":"https:\/\/sociaisaplicadas.ufpr.br\/administracao\/wp-json\/wp\/v2\/users\/2832"}],"replies":[{"embeddable":true,"href":"https:\/\/sociaisaplicadas.ufpr.br\/administracao\/wp-json\/wp\/v2\/comments?post=11436"}],"version-history":[{"count":2,"href":"https:\/\/sociaisaplicadas.ufpr.br\/administracao\/wp-json\/wp\/v2\/posts\/11436\/revisions"}],"predecessor-version":[{"id":11477,"href":"https:\/\/sociaisaplicadas.ufpr.br\/administracao\/wp-json\/wp\/v2\/posts\/11436\/revisions\/11477"}],"wp:featuredmedia":[{"embeddable":true,"href":"https:\/\/sociaisaplicadas.ufpr.br\/administracao\/wp-json\/wp\/v2\/media\/4143"}],"wp:attachment":[{"href":"https:\/\/sociaisaplicadas.ufpr.br\/administracao\/wp-json\/wp\/v2\/media?parent=11436"}],"wp:term":[{"taxonomy":"category","embeddable":true,"href":"https:\/\/sociaisaplicadas.ufpr.br\/administracao\/wp-json\/wp\/v2\/categories?post=11436"},{"taxonomy":"post_tag","embeddable":true,"href":"https:\/\/sociaisaplicadas.ufpr.br\/administracao\/wp-json\/wp\/v2\/tags?post=11436"}],"curies":[{"name":"wp","href":"https:\/\/api.w.org\/{rel}","templated":true}]}}