{"id":11826,"date":"2025-07-31T15:23:57","date_gmt":"2025-07-31T15:23:57","guid":{"rendered":"https:\/\/sociaisaplicadas.ufpr.br\/administracao\/?p=11826"},"modified":"2025-07-31T15:27:00","modified_gmt":"2025-07-31T15:27:00","slug":"participe-da-snct-2025-submissao-de-propostas-aberta","status":"publish","type":"post","link":"https:\/\/sociaisaplicadas.ufpr.br\/administracao\/2025\/07\/31\/participe-da-snct-2025-submissao-de-propostas-aberta\/","title":{"rendered":"Participe da SNCT 2025 &#8211; Submiss\u00e3o de Propostas Aberta"},"content":{"rendered":"\n<p>Est\u00e3o abertas as inscri\u00e7\u00f5es para submiss\u00e3o de propostas de a\u00e7\u00f5es para a Semana Nacional de Ci\u00eancia e Tecnologia (SNCT) 2025. Podem participar docentes, T\u00e9cnicos-administrativos e estudantes regularmente vinculados \u00e0 UFPR com iniciativas de divulga\u00e7\u00e3o cient\u00edfica, tecnol\u00f3gica, art\u00edstica ou cultural.&nbsp;<\/p>\n<p>Essa \u00e9 uma excelente oportunidade para apresentar projetos que aproximem a universidade da sociedade e estimulem o conhecimento em diferentes \u00e1reas.<\/p>\n<p><a href=\"https:\/\/sociaisaplicadas.ufpr.br\/administracao\/wp-content\/uploads\/sites\/4\/2025\/07\/Minuta_Chamada_SNCT_2025__30_06_2025-1.pdf\"><strong>Acesso o edital completo aqui.<\/strong><\/a><\/p>\n<p>Prazo e demais informa\u00e7\u00f5es est\u00e3o dispon\u00edveis no documento oficial&nbsp;<\/p>\n<p>Participe e contribua para uma universidade mais integrada e divulgadora do saber!<\/p>\n\n\n\n\n\n<p data-start=\"649\" data-end=\"713\">\u00a0<\/p>\n<p data-start=\"715\" data-end=\"781\">P<\/p>\n","protected":false},"excerpt":{"rendered":"<p>Est\u00e3o abertas as inscri\u00e7\u00f5es para submiss\u00e3o de propostas de a\u00e7\u00f5es para a Semana Nacional de Ci\u00eancia e Tecnologia (SNCT) 2025. Podem participar docentes, T\u00e9cnicos-administrativos e estudantes regularmente vinculados \u00e0 UFPR com iniciativas de divulga\u00e7\u00e3o cient\u00edfica, tecnol\u00f3gica, art\u00edstica ou cultural.&nbsp; Essa \u00e9 uma excelente oportunidade para apresentar projetos que aproximem a universidade da sociedade e estimulem [&hellip;]<\/p>\n","protected":false},"author":2824,"featured_media":11832,"comment_status":"open","ping_status":"open","sticky":false,"template":"","format":"standard","meta":{"_acf_changed":false,"footnotes":""},"categories":[1],"tags":[],"class_list":["post-11826","post","type-post","status-publish","format-standard","has-post-thumbnail","hentry","category-sem-categoria"],"acf":[],"_links":{"self":[{"href":"https:\/\/sociaisaplicadas.ufpr.br\/administracao\/wp-json\/wp\/v2\/posts\/11826","targetHints":{"allow":["GET"]}}],"collection":[{"href":"https:\/\/sociaisaplicadas.ufpr.br\/administracao\/wp-json\/wp\/v2\/posts"}],"about":[{"href":"https:\/\/sociaisaplicadas.ufpr.br\/administracao\/wp-json\/wp\/v2\/types\/post"}],"author":[{"embeddable":true,"href":"https:\/\/sociaisaplicadas.ufpr.br\/administracao\/wp-json\/wp\/v2\/users\/2824"}],"replies":[{"embeddable":true,"href":"https:\/\/sociaisaplicadas.ufpr.br\/administracao\/wp-json\/wp\/v2\/comments?post=11826"}],"version-history":[{"count":3,"href":"https:\/\/sociaisaplicadas.ufpr.br\/administracao\/wp-json\/wp\/v2\/posts\/11826\/revisions"}],"predecessor-version":[{"id":11835,"href":"https:\/\/sociaisaplicadas.ufpr.br\/administracao\/wp-json\/wp\/v2\/posts\/11826\/revisions\/11835"}],"wp:featuredmedia":[{"embeddable":true,"href":"https:\/\/sociaisaplicadas.ufpr.br\/administracao\/wp-json\/wp\/v2\/media\/11832"}],"wp:attachment":[{"href":"https:\/\/sociaisaplicadas.ufpr.br\/administracao\/wp-json\/wp\/v2\/media?parent=11826"}],"wp:term":[{"taxonomy":"category","embeddable":true,"href":"https:\/\/sociaisaplicadas.ufpr.br\/administracao\/wp-json\/wp\/v2\/categories?post=11826"},{"taxonomy":"post_tag","embeddable":true,"href":"https:\/\/sociaisaplicadas.ufpr.br\/administracao\/wp-json\/wp\/v2\/tags?post=11826"}],"curies":[{"name":"wp","href":"https:\/\/api.w.org\/{rel}","templated":true}]}}