{"id":4791,"date":"2020-05-14T10:52:26","date_gmt":"2020-05-14T10:52:26","guid":{"rendered":"https:\/\/sociaisaplicadas.ufpr.br\/administracao\/?p=4791"},"modified":"2020-05-14T11:17:18","modified_gmt":"2020-05-14T11:17:18","slug":"atencao-alunos-de-estagio-obrigatorio","status":"publish","type":"post","link":"https:\/\/sociaisaplicadas.ufpr.br\/administracao\/2020\/05\/14\/atencao-alunos-de-estagio-obrigatorio\/","title":{"rendered":"ATEN\u00c7\u00c3O ALUNOS DE EST\u00c1GIO OBRIGAT\u00d3RIO &#8211; NOVAS ORIENTA\u00c7\u00d5ES"},"content":{"rendered":"<div><span style=\"color: #000000\">Prezados Alunos,\u00a0<\/span><\/div>\n<div><span style=\"color: #000000\">Tomando como base a\u00a0 RESOLU\u00c7\u00c3O N\u00ba 44\/2020-CEPE\/UFPR aprovada em 30 de Abril, que regulamenta, em car\u00e1ter excepcional, as atividades de est\u00e1gio obrigat\u00f3rio e est\u00e1gio n\u00e3o obrigat\u00f3rio durante a suspens\u00e3o do calend\u00e1rio acad\u00eamico do primeiro semestre letivo de 2020, a COE preparou um formul\u00e1rio para cada aluno dar a anu\u00eancia ou n\u00e3o do seu interesse em continuar a atividade de est\u00e1gio e ser orientado nesse per\u00edodo especial. Todos os alunos matriculados em est\u00e1gio precisam preencher o formul\u00e1rio abaixo\u00a0at\u00e9 o dia <\/span><strong><span style=\"color: #ff0000\">22\/05\/2020.<\/span><\/strong><\/div>\n<div>\n<p class=\"x_MsoNormal\"><span style=\"color: #000000\">Link Formul\u00e1rio:<\/span>\u00a0<a id=\"LPlnk114247\" href=\"https:\/\/forms.gle\/igRpn3qpcrGQwkFE6\" target=\"_blank\" rel=\"noopener noreferrer\">https:\/\/forms.gle\/igRpn3qpcrGQwkFE6<\/a><\/p>\n<div id=\"LPBorder_GTaHR0cHM6Ly9mb3Jtcy5nbGUvaWdScG4zcXBjckdRd2tGRTY.\" class=\"LPBorder937856\">\n<table id=\"LPContainer937856\" role=\"presentation\">\n<tbody>\n<tr valign=\"top\">\n<td>\n<div id=\"LPImageContainer937856\"><a id=\"LPImageAnchor937856\" href=\"https:\/\/forms.gle\/igRpn3qpcrGQwkFE6\" target=\"_blank\" rel=\"noopener\"><img loading=\"lazy\" decoding=\"async\" id=\"LPThumbnailImageId937856\" src=\"https:\/\/lh5.googleusercontent.com\/6FRRsDyTCXqZNlC9eSFxlbtdThaCwvKxPnJQaOh75kIMl6LoqxhQp_hvbneJMkCoALNSIVA=w1200-h630-p\" alt=\"\" width=\"240\" height=\"126\" \/><\/a><\/div>\n<\/td>\n<td>\n<div id=\"LPTitle937856\"><a id=\"LPUrlAnchor937856\" href=\"https:\/\/forms.gle\/igRpn3qpcrGQwkFE6\" target=\"_blank\" rel=\"noopener\">Formul\u00e1rio Anu\u00eancia Alunos DAGA &#8211; Orienta\u00e7\u00e3o de Est\u00e1gio Obrigat\u00f3rio a dist\u00e2ncia durante o Per\u00edodo Especial UFPR<\/a><\/div>\n<div id=\"LPMetadata937856\">forms.gle<\/div>\n<\/td>\n<\/tr>\n<\/tbody>\n<\/table>\n<\/div>\n<p class=\"x_MsoNormal\">Lembramos que o\u00a0<b>est\u00e1gio obrigat\u00f3rio \u00e9 uma disciplina<\/b>\u00a0e que as exig\u00eancias do est\u00e1gio obrigat\u00f3rio ser\u00e3o as mesmas j\u00e1 definidas no edital do in\u00edcio do semestre. Estas\u00a0<b>exig\u00eancias\u00a0<\/b><b>n\u00e3o mudar\u00e3o, e cada aluno continuar\u00e1 com o mesmo professor orientador.<\/b>\u00a0Assim, o aluno dever\u00e1 optar entre:<\/p>\n<p class=\"x_MsoNormal\">i) Solicitar o TRANCAMENTO da disciplina de est\u00e1gio obrigat\u00f3rio neste semestre.<\/p>\n<p class=\"x_MsoNormal\">ii) Realizar o est\u00e1gio obrigat\u00f3rio e aceitar ser orientado A DIST\u00c2NCIA DURANTE O PER\u00cdODO ESPECIAL (entre 01\/06 e 28\/08) conforme novo calend\u00e1rio de orienta\u00e7\u00e3o constante no e-mail.<\/p>\n<p class=\"x_MsoNormal\">iii) Realizar o est\u00e1gio obrigat\u00f3rio e ser orientado PRESENCIALMENTE APENAS QUANDO RETORNAR O CALEND\u00c1RIO OFICIAL da UFPR com atividades presenciais (sem previs\u00e3o no momento).<\/p>\n<p class=\"x_MsoNormal\">O calend\u00e1rio a ser seguido nas orienta\u00e7\u00f5es do per\u00edodo especial ser\u00e1 o seguinte:<\/p>\n<table border=\"0\" cellspacing=\"0\" cellpadding=\"0\">\n<tbody>\n<tr>\n<td valign=\"top\" width=\"151\">\n<p class=\"x_MsoNormal\" align=\"center\"><b>Atividade<\/b><\/p>\n<\/td>\n<td valign=\"top\" width=\"123\">\n<p class=\"x_MsoNormal\" align=\"center\"><b>Prazo<\/b><\/p>\n<\/td>\n<td valign=\"top\" width=\"293\">\n<p class=\"x_MsoNormal\" align=\"center\"><b>Observa\u00e7\u00e3o<\/b><\/p>\n<\/td>\n<\/tr>\n<tr>\n<td valign=\"top\" width=\"151\">\n<p class=\"x_MsoNormal\" align=\"center\">Primeira Orienta\u00e7\u00e3o<\/p>\n<\/td>\n<td valign=\"top\" width=\"123\">\n<p class=\"x_MsoNormal\" align=\"center\">01 a 15 de junho<\/p>\n<\/td>\n<td valign=\"top\" width=\"293\">\n<p class=\"x_MsoNormal\" align=\"center\">Aluno entra em contato com seu orientador via e-mail solicitando o agendamento da orienta\u00e7\u00e3o e esta ocorre na plataforma definida pelo professor.<\/p>\n<\/td>\n<\/tr>\n<tr>\n<td valign=\"top\" width=\"151\">\n<p class=\"x_MsoNormal\" align=\"center\">Entrega do Projeto<\/p>\n<\/td>\n<td valign=\"top\" width=\"123\">\n<p class=\"x_MsoNormal\" align=\"center\">05 a 22 de junho<\/p>\n<\/td>\n<td valign=\"top\" width=\"293\">\n<p class=\"x_MsoNormal\" align=\"center\">Entrega do projeto via sala do Edmodo ou pela forma definida pelo orientador<\/p>\n<\/td>\n<\/tr>\n<tr>\n<td valign=\"top\" width=\"151\">\n<p class=\"x_MsoNormal\" align=\"center\">Segunda Orienta\u00e7\u00e3o<\/p>\n<\/td>\n<td valign=\"top\" width=\"123\">\n<p class=\"x_MsoNormal\" align=\"center\">06 a 17 de julho<\/p>\n<\/td>\n<td valign=\"top\" width=\"293\">\n<p class=\"x_MsoNormal\" align=\"center\">Aluno entra em contato com seu orientador via e-mail solicitando o agendamento da orienta\u00e7\u00e3o e esta ocorre na plataforma definida pelo professor<\/p>\n<\/td>\n<\/tr>\n<tr>\n<td valign=\"top\" width=\"151\">\n<p class=\"x_MsoNormal\" align=\"center\">Terceira Orienta\u00e7\u00e3o<\/p>\n<\/td>\n<td valign=\"top\" width=\"123\">\n<p class=\"x_MsoNormal\" align=\"center\">03 a 14 de agosto<\/p>\n<\/td>\n<td valign=\"top\" width=\"293\">\n<p class=\"x_MsoNormal\" align=\"center\">Aluno entra em contato com seu orientador via e-mail solicitando o agendamento da orienta\u00e7\u00e3o e esta ocorre na plataforma definida pelo professor<\/p>\n<\/td>\n<\/tr>\n<tr>\n<td valign=\"top\" width=\"151\">\n<p class=\"x_MsoNormal\" align=\"center\">Entrega relat\u00f3rio final<\/p>\n<\/td>\n<td valign=\"top\" width=\"123\">\n<p class=\"x_MsoNormal\" align=\"center\">17 a 28 de agosto<\/p>\n<\/td>\n<td valign=\"top\" width=\"293\">\n<p class=\"x_MsoNormal\" align=\"center\">Entrega do Relat\u00f3rio Final via sala do Edmodo ou pela forma definida pelo orientador<\/p>\n<\/td>\n<\/tr>\n<tr>\n<td colspan=\"3\" valign=\"top\" width=\"566\">\n<p class=\"x_MsoNormal\"><b>OBSERVA\u00c7\u00c3O<\/b>: Encontros adicionais e relat\u00f3rios intermedi\u00e1rios de acompanhamento podem ser demandados pelo professor(a) orientador(a) entre 01 de junho e 28 de agosto.<\/p>\n<\/td>\n<\/tr>\n<\/tbody>\n<\/table>\n<p class=\"x_MsoNormal\">Agradecemos a todos a compreens\u00e3o e a colabora\u00e7\u00e3o,<\/p>\n<p class=\"x_MsoNormal\">Atenciosamente,<\/p>\n<p class=\"x_MsoNormal\">Coordena\u00e7\u00e3o de Est\u00e1gios (COE\/DAGA)<\/p>\n<\/div>\n","protected":false},"excerpt":{"rendered":"<p>Prezados Alunos,\u00a0 Tomando como base a\u00a0 RESOLU\u00c7\u00c3O N\u00ba 44\/2020-CEPE\/UFPR aprovada em 30 de Abril, que regulamenta, em car\u00e1ter excepcional, as atividades de est\u00e1gio obrigat\u00f3rio e est\u00e1gio n\u00e3o obrigat\u00f3rio durante a suspens\u00e3o do calend\u00e1rio acad\u00eamico do primeiro semestre letivo de 2020, a COE preparou um formul\u00e1rio para cada aluno dar a anu\u00eancia ou n\u00e3o do seu [&hellip;]<\/p>\n","protected":false},"author":2801,"featured_media":4405,"comment_status":"open","ping_status":"open","sticky":false,"template":"","format":"standard","meta":{"_acf_changed":false,"footnotes":""},"categories":[1],"tags":[],"class_list":["post-4791","post","type-post","status-publish","format-standard","has-post-thumbnail","hentry","category-sem-categoria"],"acf":[],"_links":{"self":[{"href":"https:\/\/sociaisaplicadas.ufpr.br\/administracao\/wp-json\/wp\/v2\/posts\/4791","targetHints":{"allow":["GET"]}}],"collection":[{"href":"https:\/\/sociaisaplicadas.ufpr.br\/administracao\/wp-json\/wp\/v2\/posts"}],"about":[{"href":"https:\/\/sociaisaplicadas.ufpr.br\/administracao\/wp-json\/wp\/v2\/types\/post"}],"author":[{"embeddable":true,"href":"https:\/\/sociaisaplicadas.ufpr.br\/administracao\/wp-json\/wp\/v2\/users\/2801"}],"replies":[{"embeddable":true,"href":"https:\/\/sociaisaplicadas.ufpr.br\/administracao\/wp-json\/wp\/v2\/comments?post=4791"}],"version-history":[{"count":4,"href":"https:\/\/sociaisaplicadas.ufpr.br\/administracao\/wp-json\/wp\/v2\/posts\/4791\/revisions"}],"predecessor-version":[{"id":4797,"href":"https:\/\/sociaisaplicadas.ufpr.br\/administracao\/wp-json\/wp\/v2\/posts\/4791\/revisions\/4797"}],"wp:featuredmedia":[{"embeddable":true,"href":"https:\/\/sociaisaplicadas.ufpr.br\/administracao\/wp-json\/wp\/v2\/media\/4405"}],"wp:attachment":[{"href":"https:\/\/sociaisaplicadas.ufpr.br\/administracao\/wp-json\/wp\/v2\/media?parent=4791"}],"wp:term":[{"taxonomy":"category","embeddable":true,"href":"https:\/\/sociaisaplicadas.ufpr.br\/administracao\/wp-json\/wp\/v2\/categories?post=4791"},{"taxonomy":"post_tag","embeddable":true,"href":"https:\/\/sociaisaplicadas.ufpr.br\/administracao\/wp-json\/wp\/v2\/tags?post=4791"}],"curies":[{"name":"wp","href":"https:\/\/api.w.org\/{rel}","templated":true}]}}