{"id":4822,"date":"2020-06-10T15:56:15","date_gmt":"2020-06-10T15:56:15","guid":{"rendered":"https:\/\/sociaisaplicadas.ufpr.br\/administracao\/?p=4822"},"modified":"2021-04-05T10:48:04","modified_gmt":"2021-04-05T10:48:04","slug":"centro-de-carreiras-2020-resultado-da-selecao","status":"publish","type":"post","link":"https:\/\/sociaisaplicadas.ufpr.br\/administracao\/2020\/06\/10\/centro-de-carreiras-2020-resultado-da-selecao\/","title":{"rendered":"CENTRO DE CARREIRAS 2020: resultado da sele\u00e7\u00e3o"},"content":{"rendered":"<p>O projeto de extens\u00e3o CENTRO DE CARREIRAS 2020, coordenado pela professora Samantha de Toledo Martins Boehs, anuncia o edital de resultado do processo seletivo:<\/p>\n<p>&nbsp;<\/p>\n","protected":false},"excerpt":{"rendered":"<p>O projeto de extens\u00e3o CENTRO DE CARREIRAS 2020, coordenado pela professora Samantha de Toledo Martins Boehs, anuncia o edital de resultado do processo seletivo: &nbsp;<\/p>\n","protected":false},"author":2798,"featured_media":4143,"comment_status":"open","ping_status":"open","sticky":false,"template":"","format":"standard","meta":{"_acf_changed":false,"footnotes":""},"categories":[1],"tags":[],"class_list":["post-4822","post","type-post","status-publish","format-standard","has-post-thumbnail","hentry","category-sem-categoria"],"acf":[],"_links":{"self":[{"href":"https:\/\/sociaisaplicadas.ufpr.br\/administracao\/wp-json\/wp\/v2\/posts\/4822","targetHints":{"allow":["GET"]}}],"collection":[{"href":"https:\/\/sociaisaplicadas.ufpr.br\/administracao\/wp-json\/wp\/v2\/posts"}],"about":[{"href":"https:\/\/sociaisaplicadas.ufpr.br\/administracao\/wp-json\/wp\/v2\/types\/post"}],"author":[{"embeddable":true,"href":"https:\/\/sociaisaplicadas.ufpr.br\/administracao\/wp-json\/wp\/v2\/users\/2798"}],"replies":[{"embeddable":true,"href":"https:\/\/sociaisaplicadas.ufpr.br\/administracao\/wp-json\/wp\/v2\/comments?post=4822"}],"version-history":[{"count":2,"href":"https:\/\/sociaisaplicadas.ufpr.br\/administracao\/wp-json\/wp\/v2\/posts\/4822\/revisions"}],"predecessor-version":[{"id":5435,"href":"https:\/\/sociaisaplicadas.ufpr.br\/administracao\/wp-json\/wp\/v2\/posts\/4822\/revisions\/5435"}],"wp:featuredmedia":[{"embeddable":true,"href":"https:\/\/sociaisaplicadas.ufpr.br\/administracao\/wp-json\/wp\/v2\/media\/4143"}],"wp:attachment":[{"href":"https:\/\/sociaisaplicadas.ufpr.br\/administracao\/wp-json\/wp\/v2\/media?parent=4822"}],"wp:term":[{"taxonomy":"category","embeddable":true,"href":"https:\/\/sociaisaplicadas.ufpr.br\/administracao\/wp-json\/wp\/v2\/categories?post=4822"},{"taxonomy":"post_tag","embeddable":true,"href":"https:\/\/sociaisaplicadas.ufpr.br\/administracao\/wp-json\/wp\/v2\/tags?post=4822"}],"curies":[{"name":"wp","href":"https:\/\/api.w.org\/{rel}","templated":true}]}}