{"id":6765,"date":"2022-05-20T14:40:59","date_gmt":"2022-05-20T14:40:59","guid":{"rendered":"https:\/\/sociaisaplicadas.ufpr.br\/administracao\/?p=6765"},"modified":"2022-05-20T16:24:24","modified_gmt":"2022-05-20T16:24:24","slug":"prazos-regimentais-do-semestre-2022-1","status":"publish","type":"post","link":"https:\/\/sociaisaplicadas.ufpr.br\/administracao\/2022\/05\/20\/prazos-regimentais-do-semestre-2022-1\/","title":{"rendered":"PRAZOS REGIMENTAIS DO SEMESTRE 2022\/1"},"content":{"rendered":"<p>Prezados(as) alunos (as),<\/p>\n<p>Divulgamos abaixo as datas previstas para o pr\u00f3ximo semestre letivo 2022\/1, de acordo com a\u00a0<strong>Resolu\u00e7\u00e3o\u00a0<a href=\"http:\/\/www.bio.ufpr.br\/cef\/wp-content\/uploads\/sites\/33\/2022\/05\/Cursos-15-semanas-Res-31-22-CEPE-SEI_UFPR-4512497.pdf\" target=\"_blank\" rel=\"noopener\">31\/22-CEPE\/UFPR<\/a>.\u00a0<\/strong><\/p>\n<p>&nbsp;<\/p>\n<hr \/>\n<h3><strong>LEMBRANDO QUE \u201cAT\u00c9\u00a0A DATA [tal]\u201d N\u00c3O SIGNIFICA \u201cNA\u00a0DATA [tal]\u201d \u2013 MUITO PELO CONTR\u00c1RIO!<\/strong><\/h3>\n<h3><strong>SEJA PREVIDENTE E SE ANTECIPE AO FIM DOS PRAZOS!<\/strong><\/h3>\n<hr \/>\n<p>De 21 a 25 de maio\u00a0\u2013 Per\u00edodo de\u00a0<strong>SOLICITA\u00c7\u00c3O\u00a0DE MATR\u00cdCULAS\u00a0\u2013 exclusivamente pela tela da\/o aluna\/o no SIGA!\u00a0Ser\u00e1 exigida\u00a0a carga hor\u00e1ria m\u00ednima para que as matr\u00edculas sejam solicitadas:\u00a0<\/strong>voc\u00ea deve selecionar as\u00a0turmas nas quais quer solicitar matr\u00edcula e s\u00f3 depois que atingir a carga hor\u00e1ria semestral m\u00ednima <strong>240 horas<\/strong>&#8211; clicar em \u2018Solicitar matr\u00edcula\u2019. O sistema n\u00e3o permitir\u00e1 solicita\u00e7\u00e3o de matr\u00edcula com carga hor\u00e1ria menor que a m\u00ednima mencionada. O sistema s\u00f3 permitir\u00e1 a solicita\u00e7\u00e3o de matr\u00edculas com carga hor\u00e1ria total abaixo da m\u00ednima mencionada\u00a0<strong>apenas e somente<\/strong>\u00a0na situa\u00e7\u00e3o de o\/a aluno\/a estar\u00a0na reta final do curso e\u00a0faltar pouca carga hor\u00e1ria para concluir o curso. O SIGA\u00a0<strong>n\u00e3o<\/strong>\u00a0leva em considera\u00e7\u00e3o hor\u00e1rio\/data de solicita\u00e7\u00e3o para organiza\u00e7\u00e3o da fila de prioridades.<\/p>\n<p>Grade de Oferta de Disciplinas dispon\u00edvel em https:\/\/sociaisaplicadas.ufpr.br\/administracao\/matriculas\/<\/p>\n<p>26 e 27 de maio\u00a0\u2013\u00a0<strong>PROCESSAMENTO DAS MATR\u00cdCULAS<\/strong>\u00a0\u2013 procedimento autom\u00e1tico do SIGA. Apenas\u00a0<strong>depois<\/strong>\u00a0disso,\u00a0as turmas em que voc\u00ea foi efetivamente matriculada\/o aparecer\u00e3o em sua tela como tal.<\/p>\n<p>30 e 31 de maio\u00a0\u2013 Per\u00edodo para solicitar\u00a0<b>AJUSTE\u00a0DE SUA MATR\u00cdCULA NO SIGA.\u00a0<\/b><b>IMPORTANTE: Esta \u00e9 uma funcionalidade nova no sistema. N\u00e3o haver\u00e1 interfer\u00eancia da Secretaria neste ajuste. Toda solicita\u00e7\u00e3o de ajuste, neste momento, dever\u00e1 ser realizada no SIGA.\u00a0<\/b>Voc\u00ea poder\u00e1 solicitar remo\u00e7\u00e3o ou inclus\u00e3o de matr\u00edcula em disciplina, respeitando sempre a carga hor\u00e1ria\u00a0m\u00ednima\u00a0exigida (para remo\u00e7\u00e3o) e a exist\u00eancia de vagas na turma (para inclus\u00e3o).<\/p>\n<p>1\u00ba de junho\u00a0\u2013\u00a0<strong>PROCESSAMENTO DO AJUSTE DAS MATR\u00cdCULAS<\/strong>\u00a0\u2013 procedimento autom\u00e1tico do SIGA. Apenas\u00a0<strong>depois<\/strong>\u00a0disso,\u00a0as turmas que voc\u00ea eventualmente tenha cancelado e aquelas em que voc\u00ea foi efetivamente matriculada\/o ap\u00f3s o ajuste aparecer\u00e3o em sua tela como tal.<\/p>\n<p>02 a 17 de junho\u00a0\u2013\u00a0<strong>CORRE\u00c7\u00c3O RESIDUAL DE MATR\u00cdCULAS PELA COORDENA\u00c7\u00c3O<\/strong>: A Secretaria divulgar\u00e1, em seu tempo, o m\u00e9todo de realiza\u00e7\u00e3o desta corre\u00e7\u00e3o, para\u00a0<strong>eventuais<\/strong>\u00a0sobras de vagas.<\/p>\n<p>06 de junho\u00a0\u2013\u00a0<strong>IN\u00cdCIO DO PER\u00cdODO LETIVO\u00a0\u2013\u00a0<\/strong>Todas as turmas ofertadas ser\u00e3o ministradas normalmente, na modalidade de\u00a0<em>ensino presencial<\/em>.\u00a0Diferentemente dos per\u00edodos especiais realizados no auge da pandemia, este per\u00edodo que se inicia \u2013 o Primeiro Semestre de 2022 (2022\/1) \u2013 \u00e9 de natureza\u00a0obrigat\u00f3ria\u00a0para todos\/as os\/as estudantes.<\/p>\n<p><strong>AT\u00c9<\/strong>\u00a015 de junho\u2013 Per\u00edodo para a\/o aluna\/o em situa\u00e7\u00e3o de trancamento solicitar o\u00a0<strong>DESTRANCAMENTO<\/strong>\u00a0diretamente em sua tela no SIGA.\u00a0<strong>Recomendamos que se antecipe a este prazo para garantir a possibilidade de solicitar matr\u00edcula em disciplina (ver datas acima)<\/strong>. Se ainda n\u00e3o sabe como\u00a0realizar este procedimento acesse a guia \u2018Bloco 1 \u2013 alunos e alunas\u2019 e tire todas as suas d\u00favidas no tutorial do SIGA\u00a0<a href=\"https:\/\/ufpraberta.ufpr.br\/course\/view.php?id=9\" target=\"_blank\" rel=\"noopener\">neste link<\/a>.<\/p>\n<p><strong>AT\u00c9\u00a0<\/strong>1\u00ba de julho\u00a0\u2013 per\u00edodo\u00a0<em>para a\/o aluna\/o\u00a0<strong>sem matr\u00edcula\u00a0<\/strong>em disciplina do semestre 2022.1<\/em>\u00a0solicitar\u00a0<strong>TRANCAMENTO<\/strong>\u00a0diretamente em sua tela no SIGA.\u00a0Se ainda n\u00e3o sabe como\u00a0realizar este procedimento acesse a guia \u2018Bloco 1 \u2013 alunos e alunas\u2019 e tire todas as suas d\u00favidas no tutorial do SIGA\u00a0<a href=\"https:\/\/ufpraberta.ufpr.br\/course\/view.php?id=9\" target=\"_blank\" rel=\"noopener\">neste link<\/a>.\u00a0<strong>Caso n\u00e3o queira ou n\u00e3o possa cursar o semestre, dever\u00e1 solicitar trancamento do curso<\/strong>\u00a0 \u2013 CUIDADO: se n\u00e3o estiver cursando nenhuma disciplina e tamb\u00e9m n\u00e3o tiver solicitado o trancamento,\u00a0ser\u00e1 caracterizado o\u00a0<strong>abandono<\/strong>\u00a0de curso!<\/p>\n<p>De 06\u00a0<strong>AT\u00c9\u00a0<\/strong>17 de junho\u00a0\u2013 per\u00edodo para\u00a0a\/o aluna\/o solicitar, se houver, exames de\u00a0<strong>ADIANTAMENTO<\/strong>\u00a0de conhecimento diretamente em sua tela no SIGA.\u00a0Se ainda n\u00e3o sabe como\u00a0realizar este procedimento acesse a guia \u2018Bloco 1 \u2013 alunos e alunas\u2019 e tire todas as suas d\u00favidas no tutorial do SIGA\u00a0<a href=\"https:\/\/ufpraberta.ufpr.br\/course\/view.php?id=9\" target=\"_blank\" rel=\"noopener\">neste link<\/a>. Para entender o que \u00e9 o ADIANTAMENTO e quais s\u00e3o os crit\u00e9rios para solicitar, leia a Se\u00e7\u00e3o IV, Artigos 13-19, da Resolu\u00e7\u00e3o 92\/13-CEPE\/UFPR que trata do tema,\u00a0<a href=\"http:\/\/www.soc.ufpr.br\/wp-content\/uploads\/2016\/07\/Res-92-13-CEPE-altera%C3%A7%C3%A3o-Resolu%C3%A7%C3%A3o-0610-alterado-pela-Res-39.18.pdf\" target=\"_blank\" rel=\"noopener\">neste link<\/a>.<\/p>\n<p>De 06 de junho\u00a0<strong>AT\u00c9\u00a0<\/strong>1\u00ba de julho\u00a0\u2013 per\u00edodo para a\/o aluna\/o\u00a0<strong>caloura\/o<\/strong>\u00a0solicitar\u00a0<strong>EQUIVAL\u00caNCIA<\/strong>\u00a0de disciplinas diretamente em sua tela no SIGA.\u00a0Se ainda n\u00e3o sabe como\u00a0realizar este procedimento acesse a guia \u2018Bloco 1 \u2013 alunos e alunas\u2019 e tire todas as suas d\u00favidas no tutorial do SIGA\u00a0<a href=\"https:\/\/ufpraberta.ufpr.br\/course\/view.php?id=9\" target=\"_blank\" rel=\"noopener\">neste link<\/a>.<\/p>\n<p>De 20<strong>\u00a0AT\u00c9<\/strong>\u00a029 de julho\u00a0\u2013 per\u00edodo\u00a0<em><strong>para a\/o aluna\/o que esteve matriculado<\/strong>\u00a0em disciplinas do semestre letivo 2022.1<\/em>\u00a0solicitar\u00a0<strong>TRANCAMENTO<\/strong>\u00a0diretamente em sua tela no SIGA.\u00a0Se ainda n\u00e3o sabe como\u00a0realizar este procedimento acesse a guia \u2018Bloco 1 \u2013 alunos e alunas\u2019 e tire todas as suas d\u00favidas no tutorial do SIGA\u00a0<a href=\"https:\/\/ufpraberta.ufpr.br\/course\/view.php?id=9\" target=\"_blank\" rel=\"noopener\">neste link<\/a>.<\/p>\n<p>De\u00a020<strong>\u00a0AT\u00c9<\/strong>\u00a029 de julho\u00a0\u2013 per\u00edodo para a\/o aluna\/o solicitar\u00a0<strong>CANCELAMENTO<\/strong>\u00a0de disciplina em que est\u00e1 matriculada\/o neste semestre letivo 2022.1, diretamente em sua tela no SIGA.\u00a0Se ainda n\u00e3o sabe como\u00a0realizar este procedimento acesse a guia \u2018Bloco 1 \u2013 alunos e alunas\u2019 e tire todas as suas d\u00favidas no tutorial do SIGA\u00a0<a href=\"https:\/\/ufpraberta.ufpr.br\/course\/view.php?id=9\" target=\"_blank\" rel=\"noopener\">neste link<\/a>.<\/p>\n<p><strong>AT\u00c9<\/strong>\u00a029 de julho\u00a0\u2013 per\u00edodo para a\/o aluna\/o solicitar, se houver, exames de\u00a0<strong>APROVEITAMENTO<\/strong>\u00a0de conhecimento diretamente em sua tela no SIGA. Se ainda n\u00e3o sabe como\u00a0realizar este procedimento acesse a guia \u2018Bloco 1 \u2013 alunos e alunas\u2019 e tire todas as suas d\u00favidas no tutorial do SIGA\u00a0<a href=\"https:\/\/ufpraberta.ufpr.br\/course\/view.php?id=9\" target=\"_blank\" rel=\"noopener\">neste link<\/a>.\u00a0Para entender o que \u00e9 o APROVEITAMENTO e quais s\u00e3o os crit\u00e9rios para solicitar, leia a Se\u00e7\u00e3o V, Artigos 20-31, da Resolu\u00e7\u00e3o 92\/13-CEPE\/UFPR que trata do tema,\u00a0<a href=\"http:\/\/www.soc.ufpr.br\/wp-content\/uploads\/2016\/07\/Res-92-13-CEPE-altera%C3%A7%C3%A3o-Resolu%C3%A7%C3%A3o-0610-alterado-pela-Res-39.18.pdf\" target=\"_blank\" rel=\"noopener\">neste link<\/a>.<\/p>\n<p>De 25 de julho<strong>\u00a0AT\u00c9\u00a0<\/strong>27 de setembro: Per\u00edodo para lan\u00e7amento de\u00a0<strong>ATIVIDADES COMPLEMENTARES FORMATIVAS<\/strong>\u00a0no semestre letivo 2022.1.\u00a0 Para solicitar a valida\u00e7\u00e3o das Atividades Complementares favor consultar o site do curso de Administra\u00e7\u00e3o &gt;\u00a0aba Gradua\u00e7\u00e3o &gt; Atividades Complementares.\u00a0<b>L<u>eia atentamente a Regulamento, preencha o formul\u00e1rio<\/u><\/b><u>\u00a0e encaminhe a documenta\u00e7\u00e3o para o\u00a0<b>e-mail indicado no Regulamento<\/b>.\u00a0<\/u><b>O documento deve vir, necessariamente, no\u00a0formato\u00a0.<span class=\"markf7vz5xyi2\">pdf e em arquivo \u00fanico!<\/span><\/b><\/p>\n<p>17 de setembro:\u00a0<strong>T\u00e9rmino do\u00a0semestre letivo 2022\/1<\/strong>.<\/p>\n<p>19 a 24 de setembro:\u00a0<strong>Exames finais.<\/strong><\/p>\n<p>27 de setembro:\u00a0data limite para\u00a0<strong>lan\u00e7amento de notas<\/strong>\u00a0pelos\/as docentes. Ap\u00f3s essa data a Secretaria\u00a0listar\u00e1 as\/os estudantes aptas\/os a colarem o grau e entrar\u00e1 em contato para os informar procedimentos necess\u00e1rios.<\/p>\n<div>\n<hr \/>\n<\/div>\n<h3><strong>LEMBRANDO QUE \u201cAT\u00c9\u00a0A DATA [tal]\u201d N\u00c3O SIGNIFICA \u201cNA\u00a0DATA [tal]\u201d \u2013 MUITO PELO CONTR\u00c1RIO!<\/strong><\/h3>\n<h3><strong>SEJA PREVIDENTE E SE ANTECIPE AO FIM DOS PRAZOS!<\/strong><\/h3>\n","protected":false},"excerpt":{"rendered":"<p>Prezados(as) alunos (as), Divulgamos abaixo as datas previstas para o pr\u00f3ximo semestre letivo 2022\/1, de acordo com a\u00a0Resolu\u00e7\u00e3o\u00a031\/22-CEPE\/UFPR.\u00a0 &nbsp; LEMBRANDO QUE \u201cAT\u00c9\u00a0A DATA [tal]\u201d N\u00c3O SIGNIFICA \u201cNA\u00a0DATA [tal]\u201d \u2013 MUITO PELO CONTR\u00c1RIO! SEJA PREVIDENTE E SE ANTECIPE AO FIM DOS PRAZOS! De 21 a 25 de maio\u00a0\u2013 Per\u00edodo de\u00a0SOLICITA\u00c7\u00c3O\u00a0DE MATR\u00cdCULAS\u00a0\u2013 exclusivamente pela tela da\/o aluna\/o [&hellip;]<\/p>\n","protected":false},"author":2801,"featured_media":4143,"comment_status":"open","ping_status":"open","sticky":false,"template":"","format":"standard","meta":{"_acf_changed":false,"footnotes":""},"categories":[1],"tags":[],"class_list":["post-6765","post","type-post","status-publish","format-standard","has-post-thumbnail","hentry","category-sem-categoria"],"acf":[],"_links":{"self":[{"href":"https:\/\/sociaisaplicadas.ufpr.br\/administracao\/wp-json\/wp\/v2\/posts\/6765","targetHints":{"allow":["GET"]}}],"collection":[{"href":"https:\/\/sociaisaplicadas.ufpr.br\/administracao\/wp-json\/wp\/v2\/posts"}],"about":[{"href":"https:\/\/sociaisaplicadas.ufpr.br\/administracao\/wp-json\/wp\/v2\/types\/post"}],"author":[{"embeddable":true,"href":"https:\/\/sociaisaplicadas.ufpr.br\/administracao\/wp-json\/wp\/v2\/users\/2801"}],"replies":[{"embeddable":true,"href":"https:\/\/sociaisaplicadas.ufpr.br\/administracao\/wp-json\/wp\/v2\/comments?post=6765"}],"version-history":[{"count":3,"href":"https:\/\/sociaisaplicadas.ufpr.br\/administracao\/wp-json\/wp\/v2\/posts\/6765\/revisions"}],"predecessor-version":[{"id":6770,"href":"https:\/\/sociaisaplicadas.ufpr.br\/administracao\/wp-json\/wp\/v2\/posts\/6765\/revisions\/6770"}],"wp:featuredmedia":[{"embeddable":true,"href":"https:\/\/sociaisaplicadas.ufpr.br\/administracao\/wp-json\/wp\/v2\/media\/4143"}],"wp:attachment":[{"href":"https:\/\/sociaisaplicadas.ufpr.br\/administracao\/wp-json\/wp\/v2\/media?parent=6765"}],"wp:term":[{"taxonomy":"category","embeddable":true,"href":"https:\/\/sociaisaplicadas.ufpr.br\/administracao\/wp-json\/wp\/v2\/categories?post=6765"},{"taxonomy":"post_tag","embeddable":true,"href":"https:\/\/sociaisaplicadas.ufpr.br\/administracao\/wp-json\/wp\/v2\/tags?post=6765"}],"curies":[{"name":"wp","href":"https:\/\/api.w.org\/{rel}","templated":true}]}}