{"id":7320,"date":"2022-07-14T17:34:24","date_gmt":"2022-07-14T17:34:24","guid":{"rendered":"https:\/\/sociaisaplicadas.ufpr.br\/administracao\/?p=7320"},"modified":"2022-07-26T10:53:29","modified_gmt":"2022-07-26T10:53:29","slug":"eleicao-para-chefe-e-suplente-do-departamento-de-administracao-geral-e-aplicada","status":"publish","type":"post","link":"https:\/\/sociaisaplicadas.ufpr.br\/administracao\/2022\/07\/14\/eleicao-para-chefe-e-suplente-do-departamento-de-administracao-geral-e-aplicada\/","title":{"rendered":"ELEI\u00c7\u00c3O PARA CHEFE E SUPLENTE DO DEPARTAMENTO DE ADMINISTRA\u00c7\u00c3O GERAL E APLICADA E COORDENADOR E VICE-COORDENADOR DE CURSO"},"content":{"rendered":"<p>A Comiss\u00e3o Eleitoral divulga o Calend\u00e1rio da elei\u00e7\u00e3o para os cargos de Chefe e Suplente do Departamento de Administra\u00e7\u00e3o Geral e Aplicada e Coordenador e Vice-coordenador do curso de Administra\u00e7\u00e3o:<\/p>\n<p><a href=\"https:\/\/sociaisaplicadas.ufpr.br\/administracao\/wp-content\/uploads\/sites\/4\/2022\/07\/SEI_UFPR-4717590-Edital.pdf\">EDITAL 13\/2022 &#8211; SA: convoca\u00e7\u00e3o das elei\u00e7\u00f5es<\/a><\/p>\n<p><a href=\"https:\/\/sociaisaplicadas.ufpr.br\/administracao\/wp-content\/uploads\/sites\/4\/2022\/07\/Resolu\u00e7\u00e3o-09.22-comiss\u00e3o-eleitoral.pdf\">COMISS\u00c3O ELEITORAL<\/a><\/p>\n<p><a href=\"https:\/\/sociaisaplicadas.ufpr.br\/administracao\/wp-content\/uploads\/sites\/4\/2022\/07\/RESOLU\u00c7\u00c3O-02.2022.pdf\">RESOLU\u00c7\u00c3O 02\/2022: Calend\u00e1rio Eleitoral<\/a><\/p>\n<p>&nbsp;<\/p>\n<p>Os docentes interessados dever\u00e3o se inscrever mediante preenchimento do formul\u00e1rio abaixo, encaminhando-o por e-mail \u00e0 presidente da Comiss\u00e3o Eleitoral, professora Ana Maria Machado Toaldo (anatoaldo@ufpr.br), entre as 08h00\u00a0do dia <strong>15\u00a0de julho<\/strong> at\u00e9 as 21h00\u00a0do dia<strong> 21 de julho de 2022<\/strong>.<\/p>\n<p><a href=\"https:\/\/sociaisaplicadas.ufpr.br\/administracao\/wp-content\/uploads\/sites\/4\/2022\/07\/REQUERIMENTO-INSCRI\u00c7\u00c3O-Chefe-de-Departamento-4.doc\">REQUERIMENTO DE INSCRI\u00c7\u00c3O &#8211; Chefe e Suplente do DAGA<\/a><\/p>\n<p><a href=\"https:\/\/sociaisaplicadas.ufpr.br\/administracao\/wp-content\/uploads\/sites\/4\/2022\/07\/REQUERIMENTO-INSCRI\u00c7\u00c3O-Coordenador-e-vice-coordenador.doc\">REQUERIMENTO DE INSCRI\u00c7\u00c3O &#8211; Coordenador e Vice-coordenador<\/a><\/p>\n<p>&nbsp;<\/p>\n<p><strong>Divulga\u00e7\u00e3o de chapas inscritas<\/strong> (publicado em 22\/07\/2022 \u00e0s 07h32):<\/p>\n<p><a href=\"https:\/\/sociaisaplicadas.ufpr.br\/administracao\/wp-content\/uploads\/sites\/4\/2022\/07\/CANDIDATURA-DAGA.pdf\">CHAPA \u00daNICA &#8211; CHEFE E SUPLENTE DO DAGA: TRADI\u00c7\u00c3O PARA MODERNIDADE<\/a><\/p>\n<p><a href=\"https:\/\/sociaisaplicadas.ufpr.br\/administracao\/wp-content\/uploads\/sites\/4\/2022\/07\/REQUERIMENTO-INSCRI\u00c7\u00c3O-Coordenador-e-vice-coordenador-1.pdf\">CHAPA \u00daNICA &#8211; COORDENA\u00c7\u00c3O E VICE-COORDENA\u00c7\u00c3O: ADM 2022-2024<\/a><\/p>\n<p><a href=\"https:\/\/sociaisaplicadas.ufpr.br\/administracao\/wp-content\/uploads\/sites\/4\/2022\/07\/edital-01.22.pdf\">EDITAL 01\/2022 &#8211; COMISS\u00c3O ELEITORAL<\/a><\/p>\n<p>&nbsp;<\/p>\n<p>O link para vota\u00e7\u00e3o ser\u00e1 enviado no e-mail do eleitor.<\/p>\n<p>As demais informa\u00e7\u00f5es relativas ao processo eleitoral ser\u00e3o divulgadas nesta p\u00e1gina.<\/p>\n","protected":false},"excerpt":{"rendered":"<p>A Comiss\u00e3o Eleitoral divulga o Calend\u00e1rio da elei\u00e7\u00e3o para os cargos de Chefe e Suplente do Departamento de Administra\u00e7\u00e3o Geral e Aplicada e Coordenador e Vice-coordenador do curso de Administra\u00e7\u00e3o: EDITAL 13\/2022 &#8211; SA: convoca\u00e7\u00e3o das elei\u00e7\u00f5es COMISS\u00c3O ELEITORAL RESOLU\u00c7\u00c3O 02\/2022: Calend\u00e1rio Eleitoral &nbsp; Os docentes interessados dever\u00e3o se inscrever mediante preenchimento do formul\u00e1rio abaixo, [&hellip;]<\/p>\n","protected":false},"author":2798,"featured_media":3953,"comment_status":"open","ping_status":"open","sticky":false,"template":"","format":"standard","meta":{"_acf_changed":false,"footnotes":""},"categories":[1],"tags":[],"class_list":["post-7320","post","type-post","status-publish","format-standard","has-post-thumbnail","hentry","category-sem-categoria"],"acf":[],"_links":{"self":[{"href":"https:\/\/sociaisaplicadas.ufpr.br\/administracao\/wp-json\/wp\/v2\/posts\/7320","targetHints":{"allow":["GET"]}}],"collection":[{"href":"https:\/\/sociaisaplicadas.ufpr.br\/administracao\/wp-json\/wp\/v2\/posts"}],"about":[{"href":"https:\/\/sociaisaplicadas.ufpr.br\/administracao\/wp-json\/wp\/v2\/types\/post"}],"author":[{"embeddable":true,"href":"https:\/\/sociaisaplicadas.ufpr.br\/administracao\/wp-json\/wp\/v2\/users\/2798"}],"replies":[{"embeddable":true,"href":"https:\/\/sociaisaplicadas.ufpr.br\/administracao\/wp-json\/wp\/v2\/comments?post=7320"}],"version-history":[{"count":12,"href":"https:\/\/sociaisaplicadas.ufpr.br\/administracao\/wp-json\/wp\/v2\/posts\/7320\/revisions"}],"predecessor-version":[{"id":7367,"href":"https:\/\/sociaisaplicadas.ufpr.br\/administracao\/wp-json\/wp\/v2\/posts\/7320\/revisions\/7367"}],"wp:featuredmedia":[{"embeddable":true,"href":"https:\/\/sociaisaplicadas.ufpr.br\/administracao\/wp-json\/wp\/v2\/media\/3953"}],"wp:attachment":[{"href":"https:\/\/sociaisaplicadas.ufpr.br\/administracao\/wp-json\/wp\/v2\/media?parent=7320"}],"wp:term":[{"taxonomy":"category","embeddable":true,"href":"https:\/\/sociaisaplicadas.ufpr.br\/administracao\/wp-json\/wp\/v2\/categories?post=7320"},{"taxonomy":"post_tag","embeddable":true,"href":"https:\/\/sociaisaplicadas.ufpr.br\/administracao\/wp-json\/wp\/v2\/tags?post=7320"}],"curies":[{"name":"wp","href":"https:\/\/api.w.org\/{rel}","templated":true}]}}