{"id":9574,"date":"2023-08-11T18:42:09","date_gmt":"2023-08-11T18:42:09","guid":{"rendered":"https:\/\/sociaisaplicadas.ufpr.br\/administracao\/?p=9574"},"modified":"2024-02-29T23:19:44","modified_gmt":"2024-02-29T23:19:44","slug":"processo-seletivo-do-programa-de-pos-graduacao-em-administracao-ppgadm-turmas-2024","status":"publish","type":"post","link":"https:\/\/sociaisaplicadas.ufpr.br\/administracao\/2023\/08\/11\/processo-seletivo-do-programa-de-pos-graduacao-em-administracao-ppgadm-turmas-2024\/","title":{"rendered":"PROCESSO SELETIVO DO PROGRAMA DE P\u00d3S-GRADUA\u00c7\u00c3O EM ADMINISTRA\u00c7\u00c3O (PPGADM) &#8211; TURMAS 2024"},"content":{"rendered":"<div><b>Processo\u00a0Seletivo\u00a0do Programa de P\u00f3s-gradua\u00e7\u00e3o em Administra\u00e7\u00e3o (PPGADM\/UFPR) para Mestrado e Doutorado \u2013 Turmas 2024<\/b><\/p>\n<div><\/div>\n<div>Inscri\u00e7\u00f5es: at\u00e9 31 de outubro de 2023<\/div>\n<\/div>\n<div>O PPGADM\/UFPR divulga o Edital n.\u00ba 22\/2023 do\u00a0Processo\u00a0Seletivo\u00a0\u2013 Mestrado em Administra\u00e7\u00e3o e o Edital n.\u00ba 23\/2023 do\u00a0Processo\u00a0Seletivo\u00a0\u2013 Doutorado em Administra\u00e7\u00e3o, ambos para ingresso em 2024.<\/div>\n<div>Mais informa\u00e7\u00f5es est\u00e3o dispon\u00edveis na p\u00e1gina do Programa,\u00a0<span dir=\"ltr\">pelos links:<br \/>\n<\/span><\/div>\n<div><\/div>\n<div>\u00a0<span dir=\"ltr\"><b>Mestrado<\/b>:\u00a0<\/span><a id=\"m_-7724514324207367954OWA1a22c125-0dd2-4c30-ef1e-d8f9d747e59e\" href=\"https:\/\/www.prppg.ufpr.br\/site\/ppgadm\/pb\/processo-seletivo-2\/editais-mestrado\/\" target=\"_blank\" rel=\"noopener\">https:\/\/www.prppg.ufpr.br\/site\/ppgadm\/pb\/processo-seletivo-2\/editais-mestrado\/<\/a><\/div>\n<div>\n<div><b>Doutorado:\u00a0<\/b><a id=\"m_-7724514324207367954OWA0561e482-8819-5eeb-754a-0533a539fd49\" href=\"https:\/\/www.prppg.ufpr.br\/site\/ppgadm\/pb\/processo-seletivo-2\/editais-doutorado\/\" target=\"_blank\" rel=\"noopener\">https:\/\/www.prppg.ufpr.br\/site\/ppgadm\/pb\/processo-seletivo-2\/editais-doutorado\/<\/a><\/div>\n<\/div>\n<div><\/div>\n<div><a href=\"https:\/\/sociaisaplicadas.ufpr.br\/administracao\/wp-content\/uploads\/sites\/4\/2023\/08\/edital-22-2023-processo-seletivo-mestrado-turma-2024_vf.pdf\">Edital 22\/2023 (MESTRADO)<\/a><\/div>\n<div><a href=\"https:\/\/sociaisaplicadas.ufpr.br\/administracao\/wp-content\/uploads\/sites\/4\/2023\/08\/edital-23-2023-processo-seletivo-doutorado-turma-2024_vf.pdf\">Edital 23\/2023 (DOUTORADO)<\/a><\/div>\n<div><a href=\"https:\/\/sociaisaplicadas.ufpr.br\/administracao\/wp-content\/uploads\/sites\/4\/2023\/08\/edital-23-2023-processo-seletivo-doutorado-turma-2024_vf.pdf\">Flyer Divulga\u00e7\u00e3o<\/a><\/div>\n","protected":false},"excerpt":{"rendered":"<p>Processo\u00a0Seletivo\u00a0do Programa de P\u00f3s-gradua\u00e7\u00e3o em Administra\u00e7\u00e3o (PPGADM\/UFPR) para Mestrado e Doutorado \u2013 Turmas 2024 Inscri\u00e7\u00f5es: at\u00e9 31 de outubro de 2023 O PPGADM\/UFPR divulga o Edital n.\u00ba 22\/2023 do\u00a0Processo\u00a0Seletivo\u00a0\u2013 Mestrado em Administra\u00e7\u00e3o e o Edital n.\u00ba 23\/2023 do\u00a0Processo\u00a0Seletivo\u00a0\u2013 Doutorado em Administra\u00e7\u00e3o, ambos para ingresso em 2024. Mais informa\u00e7\u00f5es est\u00e3o dispon\u00edveis na p\u00e1gina do Programa,\u00a0pelos links: [&hellip;]<\/p>\n","protected":false},"author":2822,"featured_media":9577,"comment_status":"open","ping_status":"open","sticky":false,"template":"","format":"standard","meta":{"_acf_changed":false,"footnotes":""},"categories":[20,1],"tags":[],"class_list":["post-9574","post","type-post","status-publish","format-standard","has-post-thumbnail","hentry","category-noticias","category-sem-categoria"],"acf":[],"_links":{"self":[{"href":"https:\/\/sociaisaplicadas.ufpr.br\/administracao\/wp-json\/wp\/v2\/posts\/9574","targetHints":{"allow":["GET"]}}],"collection":[{"href":"https:\/\/sociaisaplicadas.ufpr.br\/administracao\/wp-json\/wp\/v2\/posts"}],"about":[{"href":"https:\/\/sociaisaplicadas.ufpr.br\/administracao\/wp-json\/wp\/v2\/types\/post"}],"author":[{"embeddable":true,"href":"https:\/\/sociaisaplicadas.ufpr.br\/administracao\/wp-json\/wp\/v2\/users\/2822"}],"replies":[{"embeddable":true,"href":"https:\/\/sociaisaplicadas.ufpr.br\/administracao\/wp-json\/wp\/v2\/comments?post=9574"}],"version-history":[{"count":1,"href":"https:\/\/sociaisaplicadas.ufpr.br\/administracao\/wp-json\/wp\/v2\/posts\/9574\/revisions"}],"predecessor-version":[{"id":9578,"href":"https:\/\/sociaisaplicadas.ufpr.br\/administracao\/wp-json\/wp\/v2\/posts\/9574\/revisions\/9578"}],"wp:featuredmedia":[{"embeddable":true,"href":"https:\/\/sociaisaplicadas.ufpr.br\/administracao\/wp-json\/wp\/v2\/media\/9577"}],"wp:attachment":[{"href":"https:\/\/sociaisaplicadas.ufpr.br\/administracao\/wp-json\/wp\/v2\/media?parent=9574"}],"wp:term":[{"taxonomy":"category","embeddable":true,"href":"https:\/\/sociaisaplicadas.ufpr.br\/administracao\/wp-json\/wp\/v2\/categories?post=9574"},{"taxonomy":"post_tag","embeddable":true,"href":"https:\/\/sociaisaplicadas.ufpr.br\/administracao\/wp-json\/wp\/v2\/tags?post=9574"}],"curies":[{"name":"wp","href":"https:\/\/api.w.org\/{rel}","templated":true}]}}