{"id":1019,"date":"2019-08-20T16:38:55","date_gmt":"2019-08-20T16:38:55","guid":{"rendered":"https:\/\/sociaisaplicadas.ufpr.br\/contabeis\/?p=1019"},"modified":"2019-08-20T16:48:01","modified_gmt":"2019-08-20T16:48:01","slug":"saldo-de-vagas-para-disciplinas-isoladas-ou-eletivas-2o-semestres-2019","status":"publish","type":"post","link":"https:\/\/sociaisaplicadas.ufpr.br\/contabeis\/2019\/08\/20\/saldo-de-vagas-para-disciplinas-isoladas-ou-eletivas-2o-semestres-2019\/","title":{"rendered":"SALDO DE VAGAS PARA DISCIPLINAS ISOLADAS OU ELETIVAS &#8211; 2\u00ba SEMESTRES 2019"},"content":{"rendered":"<p>O saldo de vagas <strong><em>prov\u00e1vel<\/em> <\/strong>para solicita\u00e7\u00e3o de matr\u00edculas em Disciplinas em car\u00e1ter Isolado ou Eletivo pode ser consultado atrav\u00e9s do seguinte link:<\/p>\n<p><a href=\"https:\/\/sociaisaplicadas.ufpr.br\/contabeis\/wp-content\/uploads\/sites\/3\/2019\/08\/SALDO.pdf\">SALDO<\/a><\/p>\n<p>Pedimos, tamb\u00e9m, verificar a exist\u00eancia de pr\u00e9-requisito para Disciplina, caso em que ser\u00e1 preciso solicitar quebra de pr\u00e9-requisito com embasamento. Os pr\u00e9 requisitos devem ser consultados no seguinte link:<\/p>\n<p><a href=\"https:\/\/sociaisaplicadas.ufpr.br\/contabeis\/wp-content\/uploads\/sites\/3\/2017\/04\/SEI_UFPR-0514790-Portaria.pdf\">https:\/\/sociaisaplicadas.ufpr.br\/contabeis\/wp-content\/uploads\/sites\/3\/2017\/04\/SEI_UFPR-0514790-Portaria.pdf<\/a><\/p>\n<p>Os interessados em se matricular em Disciplinas tanto em car\u00e1ter eletivo quanto isolado devem se atentar que s\u00e3o necess\u00e1rias as autoriza\u00e7\u00f5es devidamente assinadas no formul\u00e1rio espec\u00edfico e entrega do formul\u00e1rio \u00e0 COPAP\/PROGRAD para a que a matr\u00edcula seja efetivada. No caso de matr\u00edcula em Disciplina em car\u00e1ter <strong>isolado,<\/strong> \u00e9 necess\u00e1ria a autoriza\u00e7\u00e3o do Departamento respons\u00e1vel pela Disciplina e o protocolo da solicita\u00e7\u00e3o na COPAP\/PROGRAD. No caso de matr\u00edcula em car\u00e1ter <strong>eletivo<\/strong>, s\u00e3o necess\u00e1rias as autoriza\u00e7\u00f5es da Coordena\u00e7\u00e3o do respectivo Curso na UFPR, assim como do Departamento respons\u00e1vel pela Disciplina, com posterior entrega do formul\u00e1rio \u00e0 COPAP\/PROGRAD.<\/p>\n<p>Ademais, informamos que apenas n<span style=\"color: #333333;background: #FDFDFD\">os dias <strong>22\u00a0e 23 de Agosto, das 08h \u00e0s 12h e das 13h \u00e0s 17h,<\/strong> ser\u00e3o recebidos os<\/span><span style=\"color: #333333\">\u00a0<span style=\"background: #FDFDFD\">formul\u00e1rios de matr\u00edculas em disciplinas\u00a0<\/span><\/span><span style=\"color: black;background: #FDFDFD\">isolada<\/span><span style=\"color: #333333;background: #FDFDFD\">s e eletivas na COPAP, localizada no endere\u00e7o Pra\u00e7a Santos Andrade, 50 | CEP: 80020-300 | Centro &#8211; Curitiba, PR &#8211; Brasil.<br \/>\n<\/span><\/p>\n<p>Aproveitamos, ainda, para informar que na ocasi\u00e3o da entrega da solicita\u00e7\u00e3o \u00e0 COPAP, os interessados em se matricular em disciplinas\u00a0<strong>isoladas<\/strong> devem levar, al\u00e9m do formul\u00e1rio\u00a0devidamente preenchido, assinado e carimbado, c\u00f3pia do\u00a0<strong>documento de\u00a0identifica\u00e7\u00e3o, c\u00f3pia do CPF e comprovante de conclus\u00e3o do ensino m\u00e9dio\/superior.<\/strong><\/p>\n","protected":false},"excerpt":{"rendered":"<p>O saldo de vagas prov\u00e1vel para solicita\u00e7\u00e3o de matr\u00edculas em Disciplinas em car\u00e1ter Isolado ou Eletivo pode ser consultado atrav\u00e9s do seguinte link: SALDO Pedimos, tamb\u00e9m, verificar a exist\u00eancia de pr\u00e9-requisito para Disciplina, caso em que ser\u00e1 preciso solicitar quebra de pr\u00e9-requisito com embasamento. Os pr\u00e9 requisitos devem ser consultados no seguinte link: https:\/\/sociaisaplicadas.ufpr.br\/contabeis\/wp-content\/uploads\/sites\/3\/2017\/04\/SEI_UFPR-0514790-Portaria.pdf Os [&hellip;]<\/p>\n","protected":false},"author":2791,"featured_media":0,"comment_status":"open","ping_status":"open","sticky":false,"template":"","format":"standard","meta":{"footnotes":""},"categories":[14,13,16,1],"tags":[],"class_list":["post-1019","post","type-post","status-publish","format-standard","hentry","category-departamento","category-graduacao","category-quadro-de-avisos-da-coordenacao-do-curso-de-ciencias-contabeis","category-todas-as-noticias"],"_links":{"self":[{"href":"https:\/\/sociaisaplicadas.ufpr.br\/contabeis\/wp-json\/wp\/v2\/posts\/1019","targetHints":{"allow":["GET"]}}],"collection":[{"href":"https:\/\/sociaisaplicadas.ufpr.br\/contabeis\/wp-json\/wp\/v2\/posts"}],"about":[{"href":"https:\/\/sociaisaplicadas.ufpr.br\/contabeis\/wp-json\/wp\/v2\/types\/post"}],"author":[{"embeddable":true,"href":"https:\/\/sociaisaplicadas.ufpr.br\/contabeis\/wp-json\/wp\/v2\/users\/2791"}],"replies":[{"embeddable":true,"href":"https:\/\/sociaisaplicadas.ufpr.br\/contabeis\/wp-json\/wp\/v2\/comments?post=1019"}],"version-history":[{"count":3,"href":"https:\/\/sociaisaplicadas.ufpr.br\/contabeis\/wp-json\/wp\/v2\/posts\/1019\/revisions"}],"predecessor-version":[{"id":1023,"href":"https:\/\/sociaisaplicadas.ufpr.br\/contabeis\/wp-json\/wp\/v2\/posts\/1019\/revisions\/1023"}],"wp:attachment":[{"href":"https:\/\/sociaisaplicadas.ufpr.br\/contabeis\/wp-json\/wp\/v2\/media?parent=1019"}],"wp:term":[{"taxonomy":"category","embeddable":true,"href":"https:\/\/sociaisaplicadas.ufpr.br\/contabeis\/wp-json\/wp\/v2\/categories?post=1019"},{"taxonomy":"post_tag","embeddable":true,"href":"https:\/\/sociaisaplicadas.ufpr.br\/contabeis\/wp-json\/wp\/v2\/tags?post=1019"}],"curies":[{"name":"wp","href":"https:\/\/api.w.org\/{rel}","templated":true}]}}