{"id":1334,"date":"2020-07-31T19:31:31","date_gmt":"2020-07-31T19:31:31","guid":{"rendered":"https:\/\/sociaisaplicadas.ufpr.br\/contabeis\/?p=1334"},"modified":"2020-07-31T19:59:56","modified_gmt":"2020-07-31T19:59:56","slug":"oferta-disciplinas-periodo-especial-ciclo-3","status":"publish","type":"post","link":"https:\/\/sociaisaplicadas.ufpr.br\/contabeis\/2020\/07\/31\/oferta-disciplinas-periodo-especial-ciclo-3\/","title":{"rendered":"Oferta Disciplinas Per\u00edodo Especial &#8211; Ciclo 3"},"content":{"rendered":"<p>Prezados (as) discentes,<\/p>\n<p>Seguem informa\u00e7\u00f5es sobre a oferta de disciplinas em\u00a0<b>per\u00edodo especial,\u00a0<\/b>do Curso de Ci\u00eancias Cont\u00e1beis, para o\u00a0<b>terceiro ciclo de oferta.\u00a0Matr\u00edculas\u00a0do dia\u00a001 (12 horas) \u00e0 05 de agosto de 2020 (at\u00e9 \u00e0s 17 horas), por meio do\u00a0<a title=\"https:\/doaluno.ufpr.br\/aluno\/login.action?error=\" href=\"https:\/doaluno.ufpr.br\/aluno\/login.action?error=\" target=\"_blank\" rel=\"noopener noreferrer\">portal do aluno.<\/a><\/b><\/p>\n<p>&nbsp;<\/p>\n<p><a href=\"https:\/\/sociaisaplicadas.ufpr.br\/contabeis\/wp-content\/uploads\/sites\/3\/2020\/07\/terceiro-ciclo.png\"><img loading=\"lazy\" decoding=\"async\" class=\"alignnone size-large wp-image-1339\" src=\"https:\/\/sociaisaplicadas.ufpr.br\/contabeis\/wp-content\/uploads\/sites\/3\/2020\/07\/terceiro-ciclo-1024x342.png\" alt=\"\" width=\"1024\" height=\"342\" srcset=\"https:\/\/sociaisaplicadas.ufpr.br\/contabeis\/wp-content\/uploads\/sites\/3\/2020\/07\/terceiro-ciclo-1024x342.png 1024w, https:\/\/sociaisaplicadas.ufpr.br\/contabeis\/wp-content\/uploads\/sites\/3\/2020\/07\/terceiro-ciclo-300x100.png 300w, https:\/\/sociaisaplicadas.ufpr.br\/contabeis\/wp-content\/uploads\/sites\/3\/2020\/07\/terceiro-ciclo-768x256.png 768w, https:\/\/sociaisaplicadas.ufpr.br\/contabeis\/wp-content\/uploads\/sites\/3\/2020\/07\/terceiro-ciclo.png 1214w\" sizes=\"auto, (max-width: 1024px) 100vw, 1024px\" \/><\/a><\/p>\n<p>&nbsp;<\/p>\n<p><b>Atenciosamente,<\/b><b><br \/>\n<\/b><\/p>\n<p><b><u>Secretaria da\u00a0<\/u><\/b><b><u><a href=\"https:\/\/sociaisaplicadas.ufpr.br\/contabeis\/o-curso-de-ciencias-contabeis\/C:\/Users\/CoordeCont\/Documents\/Arquivos%20do%20Outlook\" target=\"_blank\" rel=\"noopener noreferrer\">Coordena\u00e7\u00e3o do Curso de Ci\u00eancias Cont\u00e1beis<\/a><\/u><\/b><\/p>\n<p>Endere\u00e7o: Av. Prefeito Loth\u00e1rio Meissner, 632<b>\u2013 1\u00baandar<\/b>\u00a0&#8211; Jardim Bot\u00e2nico, Curitiba &#8211; PR, 80210-170<\/p>\n<p>Telefone: (41) 3360-4363<\/p>\n","protected":false},"excerpt":{"rendered":"<p>Prezados (as) discentes, Seguem informa\u00e7\u00f5es sobre a oferta de disciplinas em\u00a0per\u00edodo especial,\u00a0do Curso de Ci\u00eancias Cont\u00e1beis, para o\u00a0terceiro ciclo de oferta.\u00a0Matr\u00edculas\u00a0do dia\u00a001 (12 horas) \u00e0 05 de agosto de 2020 (at\u00e9 \u00e0s 17 horas), por meio do\u00a0portal do aluno. &nbsp; &nbsp; Atenciosamente, Secretaria da\u00a0Coordena\u00e7\u00e3o do Curso de Ci\u00eancias Cont\u00e1beis Endere\u00e7o: Av. Prefeito Loth\u00e1rio Meissner, 632\u2013 [&hellip;]<\/p>\n","protected":false},"author":2800,"featured_media":0,"comment_status":"open","ping_status":"open","sticky":false,"template":"","format":"standard","meta":{"footnotes":""},"categories":[1],"tags":[],"class_list":["post-1334","post","type-post","status-publish","format-standard","hentry","category-todas-as-noticias"],"_links":{"self":[{"href":"https:\/\/sociaisaplicadas.ufpr.br\/contabeis\/wp-json\/wp\/v2\/posts\/1334","targetHints":{"allow":["GET"]}}],"collection":[{"href":"https:\/\/sociaisaplicadas.ufpr.br\/contabeis\/wp-json\/wp\/v2\/posts"}],"about":[{"href":"https:\/\/sociaisaplicadas.ufpr.br\/contabeis\/wp-json\/wp\/v2\/types\/post"}],"author":[{"embeddable":true,"href":"https:\/\/sociaisaplicadas.ufpr.br\/contabeis\/wp-json\/wp\/v2\/users\/2800"}],"replies":[{"embeddable":true,"href":"https:\/\/sociaisaplicadas.ufpr.br\/contabeis\/wp-json\/wp\/v2\/comments?post=1334"}],"version-history":[{"count":5,"href":"https:\/\/sociaisaplicadas.ufpr.br\/contabeis\/wp-json\/wp\/v2\/posts\/1334\/revisions"}],"predecessor-version":[{"id":1341,"href":"https:\/\/sociaisaplicadas.ufpr.br\/contabeis\/wp-json\/wp\/v2\/posts\/1334\/revisions\/1341"}],"wp:attachment":[{"href":"https:\/\/sociaisaplicadas.ufpr.br\/contabeis\/wp-json\/wp\/v2\/media?parent=1334"}],"wp:term":[{"taxonomy":"category","embeddable":true,"href":"https:\/\/sociaisaplicadas.ufpr.br\/contabeis\/wp-json\/wp\/v2\/categories?post=1334"},{"taxonomy":"post_tag","embeddable":true,"href":"https:\/\/sociaisaplicadas.ufpr.br\/contabeis\/wp-json\/wp\/v2\/tags?post=1334"}],"curies":[{"name":"wp","href":"https:\/\/api.w.org\/{rel}","templated":true}]}}