{"id":529,"date":"2017-08-10T18:27:14","date_gmt":"2017-08-10T18:27:14","guid":{"rendered":"https:\/\/sociaisaplicadas.ufpr.br\/contabeis\/?p=529"},"modified":"2017-08-10T18:46:20","modified_gmt":"2017-08-10T18:46:20","slug":"529","status":"publish","type":"post","link":"https:\/\/sociaisaplicadas.ufpr.br\/contabeis\/2017\/08\/10\/529\/","title":{"rendered":"XXIII Semana de Estudos Avan\u00e7ados em Contabilidade"},"content":{"rendered":"<div align=\"center\"><img loading=\"lazy\" decoding=\"async\" class=\"wp-image-530 aligncenter\" src=\"https:\/\/sociaisaplicadas.ufpr.br\/contabeis\/wp-content\/uploads\/sites\/3\/2017\/08\/Cartaz-Semana-Acad\u00eamica-232x300.jpg\" alt=\"\" width=\"595\" height=\"769\" srcset=\"https:\/\/sociaisaplicadas.ufpr.br\/contabeis\/wp-content\/uploads\/sites\/3\/2017\/08\/Cartaz-Semana-Acad\u00eamica-232x300.jpg 232w, https:\/\/sociaisaplicadas.ufpr.br\/contabeis\/wp-content\/uploads\/sites\/3\/2017\/08\/Cartaz-Semana-Acad\u00eamica-768x994.jpg 768w, https:\/\/sociaisaplicadas.ufpr.br\/contabeis\/wp-content\/uploads\/sites\/3\/2017\/08\/Cartaz-Semana-Acad\u00eamica-791x1024.jpg 791w, https:\/\/sociaisaplicadas.ufpr.br\/contabeis\/wp-content\/uploads\/sites\/3\/2017\/08\/Cartaz-Semana-Acad\u00eamica.jpg 816w\" sizes=\"auto, (max-width: 595px) 100vw, 595px\" \/><\/div>\n<div align=\"center\"><\/div>\n<p>&nbsp;<br \/>\n&nbsp;<br \/>\n&nbsp;<br \/>\nNos dias 21 a 23 de agostos de 2017, das 19 horas \u00e0s 22 horas e trinta minutos, ocorrer\u00e1 a XXIII SEMANA DE ESTUDOS AVAN\u00c7ADOS EM CONTABILIDADE. A inscri\u00e7\u00e3o para o evento ser\u00e1 totalmente online, atrav\u00e9s do link:\u00a0<a href=\"https:\/\/goo.gl\/6w84wJ\">https:\/\/goo.gl\/6w84wJ. <\/a>Para que os inscritos possam assistir ao evento, \u00e9 necess\u00e1rio levar o comprovante de inscri\u00e7\u00e3o (pelo smartphone ou impresso) para controle de frequ\u00eancia. O comprovante \u00e9 absolutamente indispens\u00e1vel. Estaremos arrecadando doa\u00e7\u00f5es de 1kg de alimento n\u00e3o perec\u00edvel ou produtos de limpeza em geral. As doa\u00e7\u00f5es devem ser entregues no primeiro dia do evento, e ser\u00e3o direcionadas para a FEPE &#8211; Funda\u00e7\u00e3o Ecum\u00eanica de Prote\u00e7\u00e3o ao Excepcional.<\/p>\n","protected":false},"excerpt":{"rendered":"<p>&nbsp; &nbsp; &nbsp; Nos dias 21 a 23 de agostos de 2017, das 19 horas \u00e0s 22 horas e trinta minutos, ocorrer\u00e1 a XXIII SEMANA DE ESTUDOS AVAN\u00c7ADOS EM CONTABILIDADE. A inscri\u00e7\u00e3o para o evento ser\u00e1 totalmente online, atrav\u00e9s do link:\u00a0https:\/\/goo.gl\/6w84wJ. Para que os inscritos possam assistir ao evento, \u00e9 necess\u00e1rio levar o comprovante de [&hellip;]<\/p>\n","protected":false},"author":2791,"featured_media":530,"comment_status":"open","ping_status":"open","sticky":false,"template":"","format":"standard","meta":{"footnotes":""},"categories":[14,13],"tags":[],"class_list":["post-529","post","type-post","status-publish","format-standard","has-post-thumbnail","hentry","category-departamento","category-graduacao"],"_links":{"self":[{"href":"https:\/\/sociaisaplicadas.ufpr.br\/contabeis\/wp-json\/wp\/v2\/posts\/529","targetHints":{"allow":["GET"]}}],"collection":[{"href":"https:\/\/sociaisaplicadas.ufpr.br\/contabeis\/wp-json\/wp\/v2\/posts"}],"about":[{"href":"https:\/\/sociaisaplicadas.ufpr.br\/contabeis\/wp-json\/wp\/v2\/types\/post"}],"author":[{"embeddable":true,"href":"https:\/\/sociaisaplicadas.ufpr.br\/contabeis\/wp-json\/wp\/v2\/users\/2791"}],"replies":[{"embeddable":true,"href":"https:\/\/sociaisaplicadas.ufpr.br\/contabeis\/wp-json\/wp\/v2\/comments?post=529"}],"version-history":[{"count":9,"href":"https:\/\/sociaisaplicadas.ufpr.br\/contabeis\/wp-json\/wp\/v2\/posts\/529\/revisions"}],"predecessor-version":[{"id":539,"href":"https:\/\/sociaisaplicadas.ufpr.br\/contabeis\/wp-json\/wp\/v2\/posts\/529\/revisions\/539"}],"wp:featuredmedia":[{"embeddable":true,"href":"https:\/\/sociaisaplicadas.ufpr.br\/contabeis\/wp-json\/wp\/v2\/media\/530"}],"wp:attachment":[{"href":"https:\/\/sociaisaplicadas.ufpr.br\/contabeis\/wp-json\/wp\/v2\/media?parent=529"}],"wp:term":[{"taxonomy":"category","embeddable":true,"href":"https:\/\/sociaisaplicadas.ufpr.br\/contabeis\/wp-json\/wp\/v2\/categories?post=529"},{"taxonomy":"post_tag","embeddable":true,"href":"https:\/\/sociaisaplicadas.ufpr.br\/contabeis\/wp-json\/wp\/v2\/tags?post=529"}],"curies":[{"name":"wp","href":"https:\/\/api.w.org\/{rel}","templated":true}]}}