{"id":617,"date":"2018-01-04T13:43:37","date_gmt":"2018-01-04T13:43:37","guid":{"rendered":"https:\/\/sociaisaplicadas.ufpr.br\/contabeis\/?p=617"},"modified":"2018-01-04T13:55:49","modified_gmt":"2018-01-04T13:55:49","slug":"aviso-da-coordenacao-equivalencia-de-disciplina-aviso","status":"publish","type":"post","link":"https:\/\/sociaisaplicadas.ufpr.br\/contabeis\/2018\/01\/04\/aviso-da-coordenacao-equivalencia-de-disciplina-aviso\/","title":{"rendered":"Aviso da Coordena\u00e7\u00e3o &#8211; EQUIVAL\u00caNCIA DE DISCIPLINA"},"content":{"rendered":"<p><a href=\"https:\/\/sociaisaplicadas.ufpr.br\/contabeis\/wp-content\/uploads\/sites\/3\/2018\/01\/AVISO-02-EQUIVAL\u00caNCIA-DE-DISCIPLINA.pdf\">02 \u2013 EQUIVAL\u00caNCIA DE DISCIPLINA<\/a><\/p>\n","protected":false},"excerpt":{"rendered":"<p>02 \u2013 EQUIVAL\u00caNCIA DE DISCIPLINA<\/p>\n","protected":false},"author":2791,"featured_media":0,"comment_status":"open","ping_status":"open","sticky":false,"template":"","format":"standard","meta":{"footnotes":""},"categories":[13,16,1],"tags":[],"class_list":["post-617","post","type-post","status-publish","format-standard","hentry","category-graduacao","category-quadro-de-avisos-da-coordenacao-do-curso-de-ciencias-contabeis","category-todas-as-noticias"],"_links":{"self":[{"href":"https:\/\/sociaisaplicadas.ufpr.br\/contabeis\/wp-json\/wp\/v2\/posts\/617","targetHints":{"allow":["GET"]}}],"collection":[{"href":"https:\/\/sociaisaplicadas.ufpr.br\/contabeis\/wp-json\/wp\/v2\/posts"}],"about":[{"href":"https:\/\/sociaisaplicadas.ufpr.br\/contabeis\/wp-json\/wp\/v2\/types\/post"}],"author":[{"embeddable":true,"href":"https:\/\/sociaisaplicadas.ufpr.br\/contabeis\/wp-json\/wp\/v2\/users\/2791"}],"replies":[{"embeddable":true,"href":"https:\/\/sociaisaplicadas.ufpr.br\/contabeis\/wp-json\/wp\/v2\/comments?post=617"}],"version-history":[{"count":2,"href":"https:\/\/sociaisaplicadas.ufpr.br\/contabeis\/wp-json\/wp\/v2\/posts\/617\/revisions"}],"predecessor-version":[{"id":619,"href":"https:\/\/sociaisaplicadas.ufpr.br\/contabeis\/wp-json\/wp\/v2\/posts\/617\/revisions\/619"}],"wp:attachment":[{"href":"https:\/\/sociaisaplicadas.ufpr.br\/contabeis\/wp-json\/wp\/v2\/media?parent=617"}],"wp:term":[{"taxonomy":"category","embeddable":true,"href":"https:\/\/sociaisaplicadas.ufpr.br\/contabeis\/wp-json\/wp\/v2\/categories?post=617"},{"taxonomy":"post_tag","embeddable":true,"href":"https:\/\/sociaisaplicadas.ufpr.br\/contabeis\/wp-json\/wp\/v2\/tags?post=617"}],"curies":[{"name":"wp","href":"https:\/\/api.w.org\/{rel}","templated":true}]}}