{"id":796,"date":"2018-06-20T21:36:56","date_gmt":"2018-06-20T21:36:56","guid":{"rendered":"https:\/\/sociaisaplicadas.ufpr.br\/contabeis\/?p=796"},"modified":"2018-06-20T21:37:20","modified_gmt":"2018-06-20T21:37:20","slug":"edital-08-comissao-julgadora-resultado-da-prova-didatica-concurso-publico","status":"publish","type":"post","link":"https:\/\/sociaisaplicadas.ufpr.br\/contabeis\/2018\/06\/20\/edital-08-comissao-julgadora-resultado-da-prova-didatica-concurso-publico\/","title":{"rendered":"EDITAL 08 &#8211; COMISS\u00c3O JULGADORA  &#8211; RESULTADO DA PROVA DID\u00c1TICA &#8211; CONCURSO P\u00daBLICO"},"content":{"rendered":"<blockquote class=\"wp-embedded-content\" data-secret=\"r73GF1ONOD\"><p><a href=\"https:\/\/sociaisaplicadas.ufpr.br\/contabeis\/concursos\/\">Concursos e Processos Seletivos<\/a><\/p><\/blockquote>\n<p><iframe loading=\"lazy\" class=\"wp-embedded-content\" sandbox=\"allow-scripts\" security=\"restricted\" style=\"position: absolute; visibility: hidden;\" title=\"&#8220;Concursos e Processos Seletivos&#8221; &#8212; Departamento de Ci\u00eancias Cont\u00e1beis\" src=\"https:\/\/sociaisaplicadas.ufpr.br\/contabeis\/concursos\/embed\/#?secret=odAWXxTaBI#?secret=r73GF1ONOD\" data-secret=\"r73GF1ONOD\" width=\"500\" height=\"282\" frameborder=\"0\" marginwidth=\"0\" marginheight=\"0\" scrolling=\"no\"><\/iframe><\/p>\n","protected":false},"excerpt":{"rendered":"<p>Concursos e Processos Seletivos<\/p>\n","protected":false},"author":2791,"featured_media":0,"comment_status":"open","ping_status":"open","sticky":false,"template":"","format":"standard","meta":{"footnotes":""},"categories":[14,12,1],"tags":[],"class_list":["post-796","post","type-post","status-publish","format-standard","hentry","category-departamento","category-editais","category-todas-as-noticias"],"_links":{"self":[{"href":"https:\/\/sociaisaplicadas.ufpr.br\/contabeis\/wp-json\/wp\/v2\/posts\/796","targetHints":{"allow":["GET"]}}],"collection":[{"href":"https:\/\/sociaisaplicadas.ufpr.br\/contabeis\/wp-json\/wp\/v2\/posts"}],"about":[{"href":"https:\/\/sociaisaplicadas.ufpr.br\/contabeis\/wp-json\/wp\/v2\/types\/post"}],"author":[{"embeddable":true,"href":"https:\/\/sociaisaplicadas.ufpr.br\/contabeis\/wp-json\/wp\/v2\/users\/2791"}],"replies":[{"embeddable":true,"href":"https:\/\/sociaisaplicadas.ufpr.br\/contabeis\/wp-json\/wp\/v2\/comments?post=796"}],"version-history":[{"count":1,"href":"https:\/\/sociaisaplicadas.ufpr.br\/contabeis\/wp-json\/wp\/v2\/posts\/796\/revisions"}],"predecessor-version":[{"id":797,"href":"https:\/\/sociaisaplicadas.ufpr.br\/contabeis\/wp-json\/wp\/v2\/posts\/796\/revisions\/797"}],"wp:attachment":[{"href":"https:\/\/sociaisaplicadas.ufpr.br\/contabeis\/wp-json\/wp\/v2\/media?parent=796"}],"wp:term":[{"taxonomy":"category","embeddable":true,"href":"https:\/\/sociaisaplicadas.ufpr.br\/contabeis\/wp-json\/wp\/v2\/categories?post=796"},{"taxonomy":"post_tag","embeddable":true,"href":"https:\/\/sociaisaplicadas.ufpr.br\/contabeis\/wp-json\/wp\/v2\/tags?post=796"}],"curies":[{"name":"wp","href":"https:\/\/api.w.org\/{rel}","templated":true}]}}